{"id":251406,"date":"2026-02-28T14:26:42","date_gmt":"2026-02-28T13:26:42","guid":{"rendered":"https:\/\/itsw.edu.pl\/la-semaine-de-lesprit-en-fete-avec-nos-eleves-du-primaire-a-itsw\/"},"modified":"2026-04-14T08:25:51","modified_gmt":"2026-04-14T06:25:51","slug":"la-semaine-de-lesprit-en-fete-avec-nos-eleves-du-primaire-a-itsw","status":"publish","type":"post","link":"https:\/\/itsw.edu.pl\/fr\/la-semaine-de-lesprit-en-fete-avec-nos-eleves-du-primaire-a-itsw\/","title":{"rendered":"La Semaine de l\u2019Esprit en f\u00eate avec nos \u00e9l\u00e8ves du primaire \u00e0 ITSW !"},"content":{"rendered":"<p>En f\u00e9vrier, nos \u00e9l\u00e8ves du Lower Primary \u00e0 ITSW ont c\u00e9l\u00e9br\u00e9 la Spirit Week de la mani\u00e8re la plus joyeuse et cr\u00e9ative, tout en marquant une \u00e9tape sp\u00e9ciale : les 100 jours d\u2019\u00e9cole ! \ud83c\udf89 Chaque jour apportait un nouveau th\u00e8me et beaucoup d\u2019enthousiasme, du confortable Pyjama Day, aux chaussettes color\u00e9es du Crazy Socks Day, aux coiffures amusantes du Crazy Hair Day, jusqu\u2019\u00e0 la chaleureuse c\u00e9l\u00e9bration de la Saint-Valentin. Les enfants ont fi\u00e8rement montr\u00e9 leur cr\u00e9ativit\u00e9, leur personnalit\u00e9 et leur esprit d\u2019\u00e9cole, transformant les couloirs et les salles de classe en espaces remplis de sourires, de rires et d\u2019\u00e9nergie positive.<br \/>\nAu-del\u00e0 des tenues amusantes et de l\u2019ambiance festive, la Spirit Week a aussi \u00e9t\u00e9 l\u2019occasion de renforcer notre communaut\u00e9 et de c\u00e9l\u00e9brer l\u2019apprentissage ensemble. Atteindre 100 jours d\u2019\u00e9cole a rappel\u00e9 \u00e0 nos \u00e9l\u00e8ves combien ils ont progress\u00e9 sur les plans acad\u00e9mique, social et \u00e9motionnel. Gr\u00e2ce \u00e0 ces moments partag\u00e9s, ils ont d\u00e9velopp\u00e9 leur confiance, leurs amiti\u00e9s et leur sentiment d\u2019appartenance. \u00c0 ITSW, nous croyons que l\u2019apprentissage ne se limite pas aux livres et aux le\u00e7ons : il s\u2019agit aussi de cr\u00e9er des souvenirs, de c\u00e9l\u00e9brer les progr\u00e8s et de profiter de chaque \u00e9tape du parcours. \ud83c\udf1f<\/p>\n\n\t\t<style type=\"text\/css\">\n\t\t\t#gallery-1 {\n\t\t\t\tmargin: auto;\n\t\t\t}\n\t\t\t#gallery-1 .gallery-item {\n\t\t\t\tfloat: left;\n\t\t\t\tmargin-top: 10px;\n\t\t\t\ttext-align: center;\n\t\t\t\twidth: 25%;\n\t\t\t}\n\t\t\t#gallery-1 img {\n\t\t\t\tborder: 2px solid #cfcfcf;\n\t\t\t}\n\t\t\t#gallery-1 .gallery-caption {\n\t\t\t\tmargin-left: 0;\n\t\t\t}\n\t\t\t\/* see gallery_shortcode() in wp-includes\/media.php *\/\n\t\t<\/style>\n\t\t<div id='gallery-1' class='gallery galleryid-251406 gallery-columns-4 gallery-size-full'><dl class='gallery-item'>\n\t\t\t<dt class='gallery-icon landscape'>\n\t\t\t\t<img decoding=\"async\" width=\"1293\" height=\"1084\" src=\"https:\/\/itsw.edu.pl\/wp-content\/uploads\/Spirit-week4.webp\" class=\"attachment-full size-full\" alt=\"\" srcset=\"https:\/\/itsw.edu.pl\/wp-content\/uploads\/Spirit-week4.webp 1293w, https:\/\/itsw.edu.pl\/wp-content\/uploads\/Spirit-week4-1280x1073.webp 1280w, https:\/\/itsw.edu.pl\/wp-content\/uploads\/Spirit-week4-980x822.webp 980w, https:\/\/itsw.edu.pl\/wp-content\/uploads\/Spirit-week4-480x402.webp 480w\" sizes=\"(min-width: 0px) and (max-width: 480px) 480px, (min-width: 481px) and (max-width: 980px) 980px, (min-width: 981px) and (max-width: 1280px) 1280px, (min-width: 1281px) 1293px, 100vw\" \/>\n\t\t\t<\/dt><\/dl><dl class='gallery-item'>\n\t\t\t<dt class='gallery-icon landscape'>\n\t\t\t\t<img decoding=\"async\" width=\"1293\" height=\"1084\" src=\"https:\/\/itsw.edu.pl\/wp-content\/uploads\/Spirit-week3.webp\" class=\"attachment-full size-full\" alt=\"\" srcset=\"https:\/\/itsw.edu.pl\/wp-content\/uploads\/Spirit-week3.webp 1293w, https:\/\/itsw.edu.pl\/wp-content\/uploads\/Spirit-week3-1280x1073.webp 1280w, https:\/\/itsw.edu.pl\/wp-content\/uploads\/Spirit-week3-980x822.webp 980w, https:\/\/itsw.edu.pl\/wp-content\/uploads\/Spirit-week3-480x402.webp 480w\" sizes=\"(min-width: 0px) and (max-width: 480px) 480px, (min-width: 481px) and (max-width: 980px) 980px, (min-width: 981px) and (max-width: 1280px) 1280px, (min-width: 1281px) 1293px, 100vw\" \/>\n\t\t\t<\/dt><\/dl><dl class='gallery-item'>\n\t\t\t<dt class='gallery-icon landscape'>\n\t\t\t\t<img decoding=\"async\" width=\"1293\" height=\"1084\" src=\"https:\/\/itsw.edu.pl\/wp-content\/uploads\/Spirit-week2.webp\" class=\"attachment-full size-full\" alt=\"\" srcset=\"https:\/\/itsw.edu.pl\/wp-content\/uploads\/Spirit-week2.webp 1293w, https:\/\/itsw.edu.pl\/wp-content\/uploads\/Spirit-week2-1280x1073.webp 1280w, https:\/\/itsw.edu.pl\/wp-content\/uploads\/Spirit-week2-980x822.webp 980w, https:\/\/itsw.edu.pl\/wp-content\/uploads\/Spirit-week2-480x402.webp 480w\" sizes=\"(min-width: 0px) and (max-width: 480px) 480px, (min-width: 481px) and (max-width: 980px) 980px, (min-width: 981px) and (max-width: 1280px) 1280px, (min-width: 1281px) 1293px, 100vw\" \/>\n\t\t\t<\/dt><\/dl><dl class='gallery-item'>\n\t\t\t<dt class='gallery-icon landscape'>\n\t\t\t\t<img decoding=\"async\" width=\"1293\" height=\"1084\" src=\"https:\/\/itsw.edu.pl\/wp-content\/uploads\/Spirit-week1.webp\" class=\"attachment-full size-full\" alt=\"\" srcset=\"https:\/\/itsw.edu.pl\/wp-content\/uploads\/Spirit-week1.webp 1293w, https:\/\/itsw.edu.pl\/wp-content\/uploads\/Spirit-week1-1280x1073.webp 1280w, https:\/\/itsw.edu.pl\/wp-content\/uploads\/Spirit-week1-980x822.webp 980w, https:\/\/itsw.edu.pl\/wp-content\/uploads\/Spirit-week1-480x402.webp 480w\" sizes=\"(min-width: 0px) and (max-width: 480px) 480px, (min-width: 481px) and (max-width: 980px) 980px, (min-width: 981px) and (max-width: 1280px) 1280px, (min-width: 1281px) 1293px, 100vw\" \/>\n\t\t\t<\/dt><\/dl><br style=\"clear: both\" \/>\n\t\t<\/div>\n\n","protected":false},"excerpt":{"rendered":"<p>En f\u00e9vrier, nos \u00e9l\u00e8ves du Lower Primary \u00e0 ITSW ont c\u00e9l\u00e9br\u00e9 la Spirit Week de la mani\u00e8re la plus joyeuse et cr\u00e9ative, tout en marquant une \u00e9tape sp\u00e9ciale : les 100 jours d\u2019\u00e9cole ! \ud83c\udf89 Chaque jour apportait un nouveau th\u00e8me et beaucoup d\u2019enthousiasme, du confortable Pyjama Day, aux chaussettes color\u00e9es du Crazy Socks Day, [&hellip;]<\/p>\n","protected":false},"author":3,"featured_media":0,"comment_status":"closed","ping_status":"closed","sticky":false,"template":"","format":"standard","meta":{"_acf_changed":false,"inline_featured_image":false,"footnotes":""},"categories":[157,130],"tags":[],"class_list":["post-251406","post","type-post","status-publish","format-standard","hentry","category-cp-ce1-ce2","category-nouvelles"],"acf":[],"yoast_head":"<!-- This site is optimized with the Yoast SEO plugin v27.5 - https:\/\/yoast.com\/product\/yoast-seo-wordpress\/ -->\n<title>La Semaine de l\u2019Esprit en f\u00eate avec nos \u00e9l\u00e8ves du primaire \u00e0 ITSW ! - ITSW<\/title>\n<meta name=\"robots\" content=\"index, follow, max-snippet:-1, max-image-preview:large, max-video-preview:-1\" \/>\n<link rel=\"canonical\" href=\"https:\/\/itsw.edu.pl\/fr\/la-semaine-de-lesprit-en-fete-avec-nos-eleves-du-primaire-a-itsw\/\" \/>\n<meta property=\"og:locale\" content=\"fr_FR\" \/>\n<meta property=\"og:type\" content=\"article\" \/>\n<meta property=\"og:title\" content=\"La Semaine de l\u2019Esprit en f\u00eate avec nos \u00e9l\u00e8ves du primaire \u00e0 ITSW ! - ITSW\" \/>\n<meta property=\"og:description\" content=\"En f\u00e9vrier, nos \u00e9l\u00e8ves du Lower Primary \u00e0 ITSW ont c\u00e9l\u00e9br\u00e9 la Spirit Week de la mani\u00e8re la plus joyeuse et cr\u00e9ative, tout en marquant une \u00e9tape sp\u00e9ciale : les 100 jours d\u2019\u00e9cole ! \ud83c\udf89 Chaque jour apportait un nouveau th\u00e8me et beaucoup d\u2019enthousiasme, du confortable Pyjama Day, aux chaussettes color\u00e9es du Crazy Socks Day, [&hellip;]\" \/>\n<meta property=\"og:url\" content=\"https:\/\/itsw.edu.pl\/fr\/la-semaine-de-lesprit-en-fete-avec-nos-eleves-du-primaire-a-itsw\/\" \/>\n<meta property=\"og:site_name\" content=\"ITSW\" \/>\n<meta property=\"article:publisher\" content=\"https:\/\/www.facebook.com\/ITSW.School.Escuela.Ecole.XueXiao.Gakko.Warsaw\" \/>\n<meta property=\"article:published_time\" content=\"2026-02-28T13:26:42+00:00\" \/>\n<meta property=\"article:modified_time\" content=\"2026-04-14T06:25:51+00:00\" \/>\n<meta name=\"author\" content=\"M.K.\" \/>\n<meta name=\"twitter:card\" content=\"summary_large_image\" \/>\n<meta name=\"twitter:label1\" content=\"\u00c9crit par\" \/>\n\t<meta name=\"twitter:data1\" content=\"M.K.\" \/>\n\t<meta name=\"twitter:label2\" content=\"Dur\u00e9e de lecture estim\u00e9e\" \/>\n\t<meta name=\"twitter:data2\" content=\"2 minutes\" \/>\n<script type=\"application\/ld+json\" class=\"yoast-schema-graph\">{\"@context\":\"https:\\\/\\\/schema.org\",\"@graph\":[{\"@type\":\"Article\",\"@id\":\"https:\\\/\\\/itsw.edu.pl\\\/fr\\\/la-semaine-de-lesprit-en-fete-avec-nos-eleves-du-primaire-a-itsw\\\/#article\",\"isPartOf\":{\"@id\":\"https:\\\/\\\/itsw.edu.pl\\\/fr\\\/la-semaine-de-lesprit-en-fete-avec-nos-eleves-du-primaire-a-itsw\\\/\"},\"author\":{\"name\":\"M.K.\",\"@id\":\"https:\\\/\\\/itsw.edu.pl\\\/#\\\/schema\\\/person\\\/4a89b345dd3285b6de291f440f753c8f\"},\"headline\":\"La Semaine de l\u2019Esprit en f\u00eate avec nos \u00e9l\u00e8ves du primaire \u00e0 ITSW !\",\"datePublished\":\"2026-02-28T13:26:42+00:00\",\"dateModified\":\"2026-04-14T06:25:51+00:00\",\"mainEntityOfPage\":{\"@id\":\"https:\\\/\\\/itsw.edu.pl\\\/fr\\\/la-semaine-de-lesprit-en-fete-avec-nos-eleves-du-primaire-a-itsw\\\/\"},\"wordCount\":244,\"publisher\":{\"@id\":\"https:\\\/\\\/itsw.edu.pl\\\/#organization\"},\"articleSection\":[\"CP-CE1-CE2\",\"nouvelles\"],\"inLanguage\":\"fr-FR\"},{\"@type\":\"WebPage\",\"@id\":\"https:\\\/\\\/itsw.edu.pl\\\/fr\\\/la-semaine-de-lesprit-en-fete-avec-nos-eleves-du-primaire-a-itsw\\\/\",\"url\":\"https:\\\/\\\/itsw.edu.pl\\\/fr\\\/la-semaine-de-lesprit-en-fete-avec-nos-eleves-du-primaire-a-itsw\\\/\",\"name\":\"La Semaine de l\u2019Esprit en f\u00eate avec nos \u00e9l\u00e8ves du primaire \u00e0 ITSW ! - ITSW\",\"isPartOf\":{\"@id\":\"https:\\\/\\\/itsw.edu.pl\\\/#website\"},\"datePublished\":\"2026-02-28T13:26:42+00:00\",\"dateModified\":\"2026-04-14T06:25:51+00:00\",\"breadcrumb\":{\"@id\":\"https:\\\/\\\/itsw.edu.pl\\\/fr\\\/la-semaine-de-lesprit-en-fete-avec-nos-eleves-du-primaire-a-itsw\\\/#breadcrumb\"},\"inLanguage\":\"fr-FR\",\"potentialAction\":[{\"@type\":\"ReadAction\",\"target\":[\"https:\\\/\\\/itsw.edu.pl\\\/fr\\\/la-semaine-de-lesprit-en-fete-avec-nos-eleves-du-primaire-a-itsw\\\/\"]}]},{\"@type\":\"BreadcrumbList\",\"@id\":\"https:\\\/\\\/itsw.edu.pl\\\/fr\\\/la-semaine-de-lesprit-en-fete-avec-nos-eleves-du-primaire-a-itsw\\\/#breadcrumb\",\"itemListElement\":[{\"@type\":\"ListItem\",\"position\":1,\"name\":\"ITSW\",\"item\":\"https:\\\/\\\/itsw.edu.pl\\\/fr\\\/\"},{\"@type\":\"ListItem\",\"position\":2,\"name\":\"La Semaine de l\u2019Esprit en f\u00eate avec nos \u00e9l\u00e8ves du primaire \u00e0 ITSW !\"}]},{\"@type\":\"WebSite\",\"@id\":\"https:\\\/\\\/itsw.edu.pl\\\/#website\",\"url\":\"https:\\\/\\\/itsw.edu.pl\\\/\",\"name\":\"ITSW\",\"description\":\"\",\"publisher\":{\"@id\":\"https:\\\/\\\/itsw.edu.pl\\\/#organization\"},\"alternateName\":\"International Trilingual School of Warsaw\",\"potentialAction\":[{\"@type\":\"SearchAction\",\"target\":{\"@type\":\"EntryPoint\",\"urlTemplate\":\"https:\\\/\\\/itsw.edu.pl\\\/?s={search_term_string}\"},\"query-input\":{\"@type\":\"PropertyValueSpecification\",\"valueRequired\":true,\"valueName\":\"search_term_string\"}}],\"inLanguage\":\"fr-FR\"},{\"@type\":\"Organization\",\"@id\":\"https:\\\/\\\/itsw.edu.pl\\\/#organization\",\"name\":\"International Trilingual School of Warsaw\",\"alternateName\":\"International Trilingual School of Warsaw\",\"url\":\"https:\\\/\\\/itsw.edu.pl\\\/\",\"logo\":{\"@type\":\"ImageObject\",\"inLanguage\":\"fr-FR\",\"@id\":\"https:\\\/\\\/itsw.edu.pl\\\/#\\\/schema\\\/logo\\\/image\\\/\",\"url\":\"https:\\\/\\\/itsw.edu.pl\\\/wp-content\\\/uploads\\\/itsw-logo.png\",\"contentUrl\":\"https:\\\/\\\/itsw.edu.pl\\\/wp-content\\\/uploads\\\/itsw-logo.png\",\"width\":350,\"height\":103,\"caption\":\"International Trilingual School of Warsaw\"},\"image\":{\"@id\":\"https:\\\/\\\/itsw.edu.pl\\\/#\\\/schema\\\/logo\\\/image\\\/\"},\"sameAs\":[\"https:\\\/\\\/www.facebook.com\\\/ITSW.School.Escuela.Ecole.XueXiao.Gakko.Warsaw\"]},{\"@type\":\"Person\",\"@id\":\"https:\\\/\\\/itsw.edu.pl\\\/#\\\/schema\\\/person\\\/4a89b345dd3285b6de291f440f753c8f\",\"name\":\"M.K.\"}]}<\/script>\n<!-- \/ Yoast SEO plugin. -->","yoast_head_json":{"title":"La Semaine de l\u2019Esprit en f\u00eate avec nos \u00e9l\u00e8ves du primaire \u00e0 ITSW ! - ITSW","robots":{"index":"index","follow":"follow","max-snippet":"max-snippet:-1","max-image-preview":"max-image-preview:large","max-video-preview":"max-video-preview:-1"},"canonical":"https:\/\/itsw.edu.pl\/fr\/la-semaine-de-lesprit-en-fete-avec-nos-eleves-du-primaire-a-itsw\/","og_locale":"fr_FR","og_type":"article","og_title":"La Semaine de l\u2019Esprit en f\u00eate avec nos \u00e9l\u00e8ves du primaire \u00e0 ITSW ! - ITSW","og_description":"En f\u00e9vrier, nos \u00e9l\u00e8ves du Lower Primary \u00e0 ITSW ont c\u00e9l\u00e9br\u00e9 la Spirit Week de la mani\u00e8re la plus joyeuse et cr\u00e9ative, tout en marquant une \u00e9tape sp\u00e9ciale : les 100 jours d\u2019\u00e9cole ! \ud83c\udf89 Chaque jour apportait un nouveau th\u00e8me et beaucoup d\u2019enthousiasme, du confortable Pyjama Day, aux chaussettes color\u00e9es du Crazy Socks Day, [&hellip;]","og_url":"https:\/\/itsw.edu.pl\/fr\/la-semaine-de-lesprit-en-fete-avec-nos-eleves-du-primaire-a-itsw\/","og_site_name":"ITSW","article_publisher":"https:\/\/www.facebook.com\/ITSW.School.Escuela.Ecole.XueXiao.Gakko.Warsaw","article_published_time":"2026-02-28T13:26:42+00:00","article_modified_time":"2026-04-14T06:25:51+00:00","author":"M.K.","twitter_card":"summary_large_image","twitter_misc":{"\u00c9crit par":"M.K.","Dur\u00e9e de lecture estim\u00e9e":"2 minutes"},"schema":{"@context":"https:\/\/schema.org","@graph":[{"@type":"Article","@id":"https:\/\/itsw.edu.pl\/fr\/la-semaine-de-lesprit-en-fete-avec-nos-eleves-du-primaire-a-itsw\/#article","isPartOf":{"@id":"https:\/\/itsw.edu.pl\/fr\/la-semaine-de-lesprit-en-fete-avec-nos-eleves-du-primaire-a-itsw\/"},"author":{"name":"M.K.","@id":"https:\/\/itsw.edu.pl\/#\/schema\/person\/4a89b345dd3285b6de291f440f753c8f"},"headline":"La Semaine de l\u2019Esprit en f\u00eate avec nos \u00e9l\u00e8ves du primaire \u00e0 ITSW !","datePublished":"2026-02-28T13:26:42+00:00","dateModified":"2026-04-14T06:25:51+00:00","mainEntityOfPage":{"@id":"https:\/\/itsw.edu.pl\/fr\/la-semaine-de-lesprit-en-fete-avec-nos-eleves-du-primaire-a-itsw\/"},"wordCount":244,"publisher":{"@id":"https:\/\/itsw.edu.pl\/#organization"},"articleSection":["CP-CE1-CE2","nouvelles"],"inLanguage":"fr-FR"},{"@type":"WebPage","@id":"https:\/\/itsw.edu.pl\/fr\/la-semaine-de-lesprit-en-fete-avec-nos-eleves-du-primaire-a-itsw\/","url":"https:\/\/itsw.edu.pl\/fr\/la-semaine-de-lesprit-en-fete-avec-nos-eleves-du-primaire-a-itsw\/","name":"La Semaine de l\u2019Esprit en f\u00eate avec nos \u00e9l\u00e8ves du primaire \u00e0 ITSW ! - ITSW","isPartOf":{"@id":"https:\/\/itsw.edu.pl\/#website"},"datePublished":"2026-02-28T13:26:42+00:00","dateModified":"2026-04-14T06:25:51+00:00","breadcrumb":{"@id":"https:\/\/itsw.edu.pl\/fr\/la-semaine-de-lesprit-en-fete-avec-nos-eleves-du-primaire-a-itsw\/#breadcrumb"},"inLanguage":"fr-FR","potentialAction":[{"@type":"ReadAction","target":["https:\/\/itsw.edu.pl\/fr\/la-semaine-de-lesprit-en-fete-avec-nos-eleves-du-primaire-a-itsw\/"]}]},{"@type":"BreadcrumbList","@id":"https:\/\/itsw.edu.pl\/fr\/la-semaine-de-lesprit-en-fete-avec-nos-eleves-du-primaire-a-itsw\/#breadcrumb","itemListElement":[{"@type":"ListItem","position":1,"name":"ITSW","item":"https:\/\/itsw.edu.pl\/fr\/"},{"@type":"ListItem","position":2,"name":"La Semaine de l\u2019Esprit en f\u00eate avec nos \u00e9l\u00e8ves du primaire \u00e0 ITSW !"}]},{"@type":"WebSite","@id":"https:\/\/itsw.edu.pl\/#website","url":"https:\/\/itsw.edu.pl\/","name":"ITSW","description":"","publisher":{"@id":"https:\/\/itsw.edu.pl\/#organization"},"alternateName":"International Trilingual School of Warsaw","potentialAction":[{"@type":"SearchAction","target":{"@type":"EntryPoint","urlTemplate":"https:\/\/itsw.edu.pl\/?s={search_term_string}"},"query-input":{"@type":"PropertyValueSpecification","valueRequired":true,"valueName":"search_term_string"}}],"inLanguage":"fr-FR"},{"@type":"Organization","@id":"https:\/\/itsw.edu.pl\/#organization","name":"International Trilingual School of Warsaw","alternateName":"International Trilingual School of Warsaw","url":"https:\/\/itsw.edu.pl\/","logo":{"@type":"ImageObject","inLanguage":"fr-FR","@id":"https:\/\/itsw.edu.pl\/#\/schema\/logo\/image\/","url":"https:\/\/itsw.edu.pl\/wp-content\/uploads\/itsw-logo.png","contentUrl":"https:\/\/itsw.edu.pl\/wp-content\/uploads\/itsw-logo.png","width":350,"height":103,"caption":"International Trilingual School of Warsaw"},"image":{"@id":"https:\/\/itsw.edu.pl\/#\/schema\/logo\/image\/"},"sameAs":["https:\/\/www.facebook.com\/ITSW.School.Escuela.Ecole.XueXiao.Gakko.Warsaw"]},{"@type":"Person","@id":"https:\/\/itsw.edu.pl\/#\/schema\/person\/4a89b345dd3285b6de291f440f753c8f","name":"M.K."}]}},"jetpack_featured_media_url":"","_links":{"self":[{"href":"https:\/\/itsw.edu.pl\/fr\/wp-json\/wp\/v2\/posts\/251406","targetHints":{"allow":["GET"]}}],"collection":[{"href":"https:\/\/itsw.edu.pl\/fr\/wp-json\/wp\/v2\/posts"}],"about":[{"href":"https:\/\/itsw.edu.pl\/fr\/wp-json\/wp\/v2\/types\/post"}],"author":[{"embeddable":true,"href":"https:\/\/itsw.edu.pl\/fr\/wp-json\/wp\/v2\/users\/3"}],"replies":[{"embeddable":true,"href":"https:\/\/itsw.edu.pl\/fr\/wp-json\/wp\/v2\/comments?post=251406"}],"version-history":[{"count":1,"href":"https:\/\/itsw.edu.pl\/fr\/wp-json\/wp\/v2\/posts\/251406\/revisions"}],"predecessor-version":[{"id":252241,"href":"https:\/\/itsw.edu.pl\/fr\/wp-json\/wp\/v2\/posts\/251406\/revisions\/252241"}],"wp:attachment":[{"href":"https:\/\/itsw.edu.pl\/fr\/wp-json\/wp\/v2\/media?parent=251406"}],"wp:term":[{"taxonomy":"category","embeddable":true,"href":"https:\/\/itsw.edu.pl\/fr\/wp-json\/wp\/v2\/categories?post=251406"},{"taxonomy":"post_tag","embeddable":true,"href":"https:\/\/itsw.edu.pl\/fr\/wp-json\/wp\/v2\/tags?post=251406"}],"curies":[{"name":"wp","href":"https:\/\/api.w.org\/{rel}","templated":true}]}}