{"id":251365,"date":"2026-02-04T13:50:55","date_gmt":"2026-02-04T12:50:55","guid":{"rendered":"https:\/\/itsw.edu.pl\/une-douce-celebration-francaise-la-chandeleur-avec-nos-eleves\/"},"modified":"2026-04-14T08:28:58","modified_gmt":"2026-04-14T06:28:58","slug":"une-douce-celebration-francaise-la-chandeleur-avec-nos-eleves","status":"publish","type":"post","link":"https:\/\/itsw.edu.pl\/fr\/une-douce-celebration-francaise-la-chandeleur-avec-nos-eleves\/","title":{"rendered":"Une douce c\u00e9l\u00e9bration fran\u00e7aise \u2013 La Chandeleur avec nos \u00e9l\u00e8ves !"},"content":{"rendered":"<p>Notre groupe de fran\u00e7ais a pass\u00e9 un moment absolument incroyable en c\u00e9l\u00e9brant la Chandeleur ! Les \u00e9l\u00e8ves se sont montr\u00e9s enchant\u00e9s de d\u00e9couvrir cette savoureuse tradition fran\u00e7aise. Ils ont \u00e9t\u00e9 encore plus ravis de pouvoir d\u00e9guster des tonnes de cr\u00eapes sucr\u00e9es et sal\u00e9es. C&rsquo;est vite devenu le \u00ab meilleur jour de la semaine \u00bb, plein de rires, de curiosit\u00e9 et d\u2019activit\u00e9s pratiques.<br \/>\nLes enfants ont courageusement essay\u00e9 de faire sauter les cr\u00eapes dans la po\u00eale. Certaines ont atterri parfaitement, d\u2019autres ont failli finir sur le nez de l\u2019enseignant ! \ud83c\udf6b\u2728 Sucre, chocolat et \u00e9clats de rire partout (m\u00eame sur quelques cahiers \ud83e\udd2b). Avec des estomacs bien remplis et de grands sourires, nos petits apprenants ont v\u00e9cu la langue et la culture fran\u00e7aises de la plus d\u00e9licieuse et la plus m\u00e9morable des mani\u00e8res !<\/p>\n\n\t\t<style type=\"text\/css\">\n\t\t\t#gallery-1 {\n\t\t\t\tmargin: auto;\n\t\t\t}\n\t\t\t#gallery-1 .gallery-item {\n\t\t\t\tfloat: left;\n\t\t\t\tmargin-top: 10px;\n\t\t\t\ttext-align: center;\n\t\t\t\twidth: 33%;\n\t\t\t}\n\t\t\t#gallery-1 img {\n\t\t\t\tborder: 2px solid #cfcfcf;\n\t\t\t}\n\t\t\t#gallery-1 .gallery-caption {\n\t\t\t\tmargin-left: 0;\n\t\t\t}\n\t\t\t\/* see gallery_shortcode() in wp-includes\/media.php *\/\n\t\t<\/style>\n\t\t<div id='gallery-1' class='gallery galleryid-251365 gallery-columns-3 gallery-size-full'><dl class='gallery-item'>\n\t\t\t<dt class='gallery-icon portrait'>\n\t\t\t\t<img decoding=\"async\" width=\"1080\" height=\"1350\" src=\"https:\/\/itsw.edu.pl\/wp-content\/uploads\/ITSW-uczymy-sie-robic-crepes.webp\" class=\"attachment-full size-full\" alt=\"\" srcset=\"https:\/\/itsw.edu.pl\/wp-content\/uploads\/ITSW-uczymy-sie-robic-crepes.webp 1080w, https:\/\/itsw.edu.pl\/wp-content\/uploads\/ITSW-uczymy-sie-robic-crepes-980x1225.webp 980w, https:\/\/itsw.edu.pl\/wp-content\/uploads\/ITSW-uczymy-sie-robic-crepes-480x600.webp 480w\" sizes=\"(min-width: 0px) and (max-width: 480px) 480px, (min-width: 481px) and (max-width: 980px) 980px, (min-width: 981px) 1080px, 100vw\" \/>\n\t\t\t<\/dt><\/dl><dl class='gallery-item'>\n\t\t\t<dt class='gallery-icon portrait'>\n\t\t\t\t<img decoding=\"async\" width=\"1080\" height=\"1350\" src=\"https:\/\/itsw.edu.pl\/wp-content\/uploads\/ITSW-pieczemy-crepes.webp\" class=\"attachment-full size-full\" alt=\"\" srcset=\"https:\/\/itsw.edu.pl\/wp-content\/uploads\/ITSW-pieczemy-crepes.webp 1080w, https:\/\/itsw.edu.pl\/wp-content\/uploads\/ITSW-pieczemy-crepes-980x1225.webp 980w, https:\/\/itsw.edu.pl\/wp-content\/uploads\/ITSW-pieczemy-crepes-480x600.webp 480w\" sizes=\"(min-width: 0px) and (max-width: 480px) 480px, (min-width: 481px) and (max-width: 980px) 980px, (min-width: 981px) 1080px, 100vw\" \/>\n\t\t\t<\/dt><\/dl><dl class='gallery-item'>\n\t\t\t<dt class='gallery-icon portrait'>\n\t\t\t\t<img decoding=\"async\" width=\"1080\" height=\"1350\" src=\"https:\/\/itsw.edu.pl\/wp-content\/uploads\/Dzieci-robia-crepes.webp\" class=\"attachment-full size-full\" alt=\"\" srcset=\"https:\/\/itsw.edu.pl\/wp-content\/uploads\/Dzieci-robia-crepes.webp 1080w, https:\/\/itsw.edu.pl\/wp-content\/uploads\/Dzieci-robia-crepes-980x1225.webp 980w, https:\/\/itsw.edu.pl\/wp-content\/uploads\/Dzieci-robia-crepes-480x600.webp 480w\" sizes=\"(min-width: 0px) and (max-width: 480px) 480px, (min-width: 481px) and (max-width: 980px) 980px, (min-width: 981px) 1080px, 100vw\" \/>\n\t\t\t<\/dt><\/dl><br style=\"clear: both\" \/>\n\t\t<\/div>\n\n","protected":false},"excerpt":{"rendered":"<p>Notre groupe de fran\u00e7ais a pass\u00e9 un moment absolument incroyable en c\u00e9l\u00e9brant la Chandeleur ! Les \u00e9l\u00e8ves se sont montr\u00e9s enchant\u00e9s de d\u00e9couvrir cette savoureuse tradition fran\u00e7aise. Ils ont \u00e9t\u00e9 encore plus ravis de pouvoir d\u00e9guster des tonnes de cr\u00eapes sucr\u00e9es et sal\u00e9es. C&rsquo;est vite devenu le \u00ab meilleur jour de la semaine \u00bb, plein [&hellip;]<\/p>\n","protected":false},"author":3,"featured_media":0,"comment_status":"closed","ping_status":"closed","sticky":false,"template":"","format":"standard","meta":{"_acf_changed":false,"inline_featured_image":false,"footnotes":""},"categories":[157,130],"tags":[],"class_list":["post-251365","post","type-post","status-publish","format-standard","hentry","category-cp-ce1-ce2","category-nouvelles"],"acf":[],"yoast_head":"<!-- This site is optimized with the Yoast SEO plugin v27.5 - https:\/\/yoast.com\/product\/yoast-seo-wordpress\/ -->\n<title>Une douce c\u00e9l\u00e9bration fran\u00e7aise \u2013 La Chandeleur avec nos \u00e9l\u00e8ves ! - ITSW<\/title>\n<meta name=\"robots\" content=\"index, follow, max-snippet:-1, max-image-preview:large, max-video-preview:-1\" \/>\n<link rel=\"canonical\" href=\"https:\/\/itsw.edu.pl\/fr\/une-douce-celebration-francaise-la-chandeleur-avec-nos-eleves\/\" \/>\n<meta property=\"og:locale\" content=\"fr_FR\" \/>\n<meta property=\"og:type\" content=\"article\" \/>\n<meta property=\"og:title\" content=\"Une douce c\u00e9l\u00e9bration fran\u00e7aise \u2013 La Chandeleur avec nos \u00e9l\u00e8ves ! - ITSW\" \/>\n<meta property=\"og:description\" content=\"Notre groupe de fran\u00e7ais a pass\u00e9 un moment absolument incroyable en c\u00e9l\u00e9brant la Chandeleur ! Les \u00e9l\u00e8ves se sont montr\u00e9s enchant\u00e9s de d\u00e9couvrir cette savoureuse tradition fran\u00e7aise. Ils ont \u00e9t\u00e9 encore plus ravis de pouvoir d\u00e9guster des tonnes de cr\u00eapes sucr\u00e9es et sal\u00e9es. C&rsquo;est vite devenu le \u00ab meilleur jour de la semaine \u00bb, plein [&hellip;]\" \/>\n<meta property=\"og:url\" content=\"https:\/\/itsw.edu.pl\/fr\/une-douce-celebration-francaise-la-chandeleur-avec-nos-eleves\/\" \/>\n<meta property=\"og:site_name\" content=\"ITSW\" \/>\n<meta property=\"article:publisher\" content=\"https:\/\/www.facebook.com\/ITSW.School.Escuela.Ecole.XueXiao.Gakko.Warsaw\" \/>\n<meta property=\"article:published_time\" content=\"2026-02-04T12:50:55+00:00\" \/>\n<meta property=\"article:modified_time\" content=\"2026-04-14T06:28:58+00:00\" \/>\n<meta name=\"author\" content=\"M.K.\" \/>\n<meta name=\"twitter:card\" content=\"summary_large_image\" \/>\n<meta name=\"twitter:label1\" content=\"\u00c9crit par\" \/>\n\t<meta name=\"twitter:data1\" content=\"M.K.\" \/>\n\t<meta name=\"twitter:label2\" content=\"Dur\u00e9e de lecture estim\u00e9e\" \/>\n\t<meta name=\"twitter:data2\" content=\"1 minute\" \/>\n<script type=\"application\/ld+json\" class=\"yoast-schema-graph\">{\"@context\":\"https:\\\/\\\/schema.org\",\"@graph\":[{\"@type\":\"Article\",\"@id\":\"https:\\\/\\\/itsw.edu.pl\\\/fr\\\/une-douce-celebration-francaise-la-chandeleur-avec-nos-eleves\\\/#article\",\"isPartOf\":{\"@id\":\"https:\\\/\\\/itsw.edu.pl\\\/fr\\\/une-douce-celebration-francaise-la-chandeleur-avec-nos-eleves\\\/\"},\"author\":{\"name\":\"M.K.\",\"@id\":\"https:\\\/\\\/itsw.edu.pl\\\/#\\\/schema\\\/person\\\/4a89b345dd3285b6de291f440f753c8f\"},\"headline\":\"Une douce c\u00e9l\u00e9bration fran\u00e7aise \u2013 La Chandeleur avec nos \u00e9l\u00e8ves !\",\"datePublished\":\"2026-02-04T12:50:55+00:00\",\"dateModified\":\"2026-04-14T06:28:58+00:00\",\"mainEntityOfPage\":{\"@id\":\"https:\\\/\\\/itsw.edu.pl\\\/fr\\\/une-douce-celebration-francaise-la-chandeleur-avec-nos-eleves\\\/\"},\"wordCount\":170,\"publisher\":{\"@id\":\"https:\\\/\\\/itsw.edu.pl\\\/#organization\"},\"articleSection\":[\"CP-CE1-CE2\",\"nouvelles\"],\"inLanguage\":\"fr-FR\"},{\"@type\":\"WebPage\",\"@id\":\"https:\\\/\\\/itsw.edu.pl\\\/fr\\\/une-douce-celebration-francaise-la-chandeleur-avec-nos-eleves\\\/\",\"url\":\"https:\\\/\\\/itsw.edu.pl\\\/fr\\\/une-douce-celebration-francaise-la-chandeleur-avec-nos-eleves\\\/\",\"name\":\"Une douce c\u00e9l\u00e9bration fran\u00e7aise \u2013 La Chandeleur avec nos \u00e9l\u00e8ves ! - ITSW\",\"isPartOf\":{\"@id\":\"https:\\\/\\\/itsw.edu.pl\\\/#website\"},\"datePublished\":\"2026-02-04T12:50:55+00:00\",\"dateModified\":\"2026-04-14T06:28:58+00:00\",\"breadcrumb\":{\"@id\":\"https:\\\/\\\/itsw.edu.pl\\\/fr\\\/une-douce-celebration-francaise-la-chandeleur-avec-nos-eleves\\\/#breadcrumb\"},\"inLanguage\":\"fr-FR\",\"potentialAction\":[{\"@type\":\"ReadAction\",\"target\":[\"https:\\\/\\\/itsw.edu.pl\\\/fr\\\/une-douce-celebration-francaise-la-chandeleur-avec-nos-eleves\\\/\"]}]},{\"@type\":\"BreadcrumbList\",\"@id\":\"https:\\\/\\\/itsw.edu.pl\\\/fr\\\/une-douce-celebration-francaise-la-chandeleur-avec-nos-eleves\\\/#breadcrumb\",\"itemListElement\":[{\"@type\":\"ListItem\",\"position\":1,\"name\":\"ITSW\",\"item\":\"https:\\\/\\\/itsw.edu.pl\\\/fr\\\/\"},{\"@type\":\"ListItem\",\"position\":2,\"name\":\"Une douce c\u00e9l\u00e9bration fran\u00e7aise \u2013 La Chandeleur avec nos \u00e9l\u00e8ves !\"}]},{\"@type\":\"WebSite\",\"@id\":\"https:\\\/\\\/itsw.edu.pl\\\/#website\",\"url\":\"https:\\\/\\\/itsw.edu.pl\\\/\",\"name\":\"ITSW\",\"description\":\"\",\"publisher\":{\"@id\":\"https:\\\/\\\/itsw.edu.pl\\\/#organization\"},\"alternateName\":\"International Trilingual School of Warsaw\",\"potentialAction\":[{\"@type\":\"SearchAction\",\"target\":{\"@type\":\"EntryPoint\",\"urlTemplate\":\"https:\\\/\\\/itsw.edu.pl\\\/?s={search_term_string}\"},\"query-input\":{\"@type\":\"PropertyValueSpecification\",\"valueRequired\":true,\"valueName\":\"search_term_string\"}}],\"inLanguage\":\"fr-FR\"},{\"@type\":\"Organization\",\"@id\":\"https:\\\/\\\/itsw.edu.pl\\\/#organization\",\"name\":\"International Trilingual School of Warsaw\",\"alternateName\":\"International Trilingual School of Warsaw\",\"url\":\"https:\\\/\\\/itsw.edu.pl\\\/\",\"logo\":{\"@type\":\"ImageObject\",\"inLanguage\":\"fr-FR\",\"@id\":\"https:\\\/\\\/itsw.edu.pl\\\/#\\\/schema\\\/logo\\\/image\\\/\",\"url\":\"https:\\\/\\\/itsw.edu.pl\\\/wp-content\\\/uploads\\\/itsw-logo.png\",\"contentUrl\":\"https:\\\/\\\/itsw.edu.pl\\\/wp-content\\\/uploads\\\/itsw-logo.png\",\"width\":350,\"height\":103,\"caption\":\"International Trilingual School of Warsaw\"},\"image\":{\"@id\":\"https:\\\/\\\/itsw.edu.pl\\\/#\\\/schema\\\/logo\\\/image\\\/\"},\"sameAs\":[\"https:\\\/\\\/www.facebook.com\\\/ITSW.School.Escuela.Ecole.XueXiao.Gakko.Warsaw\"]},{\"@type\":\"Person\",\"@id\":\"https:\\\/\\\/itsw.edu.pl\\\/#\\\/schema\\\/person\\\/4a89b345dd3285b6de291f440f753c8f\",\"name\":\"M.K.\"}]}<\/script>\n<!-- \/ Yoast SEO plugin. -->","yoast_head_json":{"title":"Une douce c\u00e9l\u00e9bration fran\u00e7aise \u2013 La Chandeleur avec nos \u00e9l\u00e8ves ! - ITSW","robots":{"index":"index","follow":"follow","max-snippet":"max-snippet:-1","max-image-preview":"max-image-preview:large","max-video-preview":"max-video-preview:-1"},"canonical":"https:\/\/itsw.edu.pl\/fr\/une-douce-celebration-francaise-la-chandeleur-avec-nos-eleves\/","og_locale":"fr_FR","og_type":"article","og_title":"Une douce c\u00e9l\u00e9bration fran\u00e7aise \u2013 La Chandeleur avec nos \u00e9l\u00e8ves ! - ITSW","og_description":"Notre groupe de fran\u00e7ais a pass\u00e9 un moment absolument incroyable en c\u00e9l\u00e9brant la Chandeleur ! Les \u00e9l\u00e8ves se sont montr\u00e9s enchant\u00e9s de d\u00e9couvrir cette savoureuse tradition fran\u00e7aise. Ils ont \u00e9t\u00e9 encore plus ravis de pouvoir d\u00e9guster des tonnes de cr\u00eapes sucr\u00e9es et sal\u00e9es. C&rsquo;est vite devenu le \u00ab meilleur jour de la semaine \u00bb, plein [&hellip;]","og_url":"https:\/\/itsw.edu.pl\/fr\/une-douce-celebration-francaise-la-chandeleur-avec-nos-eleves\/","og_site_name":"ITSW","article_publisher":"https:\/\/www.facebook.com\/ITSW.School.Escuela.Ecole.XueXiao.Gakko.Warsaw","article_published_time":"2026-02-04T12:50:55+00:00","article_modified_time":"2026-04-14T06:28:58+00:00","author":"M.K.","twitter_card":"summary_large_image","twitter_misc":{"\u00c9crit par":"M.K.","Dur\u00e9e de lecture estim\u00e9e":"1 minute"},"schema":{"@context":"https:\/\/schema.org","@graph":[{"@type":"Article","@id":"https:\/\/itsw.edu.pl\/fr\/une-douce-celebration-francaise-la-chandeleur-avec-nos-eleves\/#article","isPartOf":{"@id":"https:\/\/itsw.edu.pl\/fr\/une-douce-celebration-francaise-la-chandeleur-avec-nos-eleves\/"},"author":{"name":"M.K.","@id":"https:\/\/itsw.edu.pl\/#\/schema\/person\/4a89b345dd3285b6de291f440f753c8f"},"headline":"Une douce c\u00e9l\u00e9bration fran\u00e7aise \u2013 La Chandeleur avec nos \u00e9l\u00e8ves !","datePublished":"2026-02-04T12:50:55+00:00","dateModified":"2026-04-14T06:28:58+00:00","mainEntityOfPage":{"@id":"https:\/\/itsw.edu.pl\/fr\/une-douce-celebration-francaise-la-chandeleur-avec-nos-eleves\/"},"wordCount":170,"publisher":{"@id":"https:\/\/itsw.edu.pl\/#organization"},"articleSection":["CP-CE1-CE2","nouvelles"],"inLanguage":"fr-FR"},{"@type":"WebPage","@id":"https:\/\/itsw.edu.pl\/fr\/une-douce-celebration-francaise-la-chandeleur-avec-nos-eleves\/","url":"https:\/\/itsw.edu.pl\/fr\/une-douce-celebration-francaise-la-chandeleur-avec-nos-eleves\/","name":"Une douce c\u00e9l\u00e9bration fran\u00e7aise \u2013 La Chandeleur avec nos \u00e9l\u00e8ves ! - ITSW","isPartOf":{"@id":"https:\/\/itsw.edu.pl\/#website"},"datePublished":"2026-02-04T12:50:55+00:00","dateModified":"2026-04-14T06:28:58+00:00","breadcrumb":{"@id":"https:\/\/itsw.edu.pl\/fr\/une-douce-celebration-francaise-la-chandeleur-avec-nos-eleves\/#breadcrumb"},"inLanguage":"fr-FR","potentialAction":[{"@type":"ReadAction","target":["https:\/\/itsw.edu.pl\/fr\/une-douce-celebration-francaise-la-chandeleur-avec-nos-eleves\/"]}]},{"@type":"BreadcrumbList","@id":"https:\/\/itsw.edu.pl\/fr\/une-douce-celebration-francaise-la-chandeleur-avec-nos-eleves\/#breadcrumb","itemListElement":[{"@type":"ListItem","position":1,"name":"ITSW","item":"https:\/\/itsw.edu.pl\/fr\/"},{"@type":"ListItem","position":2,"name":"Une douce c\u00e9l\u00e9bration fran\u00e7aise \u2013 La Chandeleur avec nos \u00e9l\u00e8ves !"}]},{"@type":"WebSite","@id":"https:\/\/itsw.edu.pl\/#website","url":"https:\/\/itsw.edu.pl\/","name":"ITSW","description":"","publisher":{"@id":"https:\/\/itsw.edu.pl\/#organization"},"alternateName":"International Trilingual School of Warsaw","potentialAction":[{"@type":"SearchAction","target":{"@type":"EntryPoint","urlTemplate":"https:\/\/itsw.edu.pl\/?s={search_term_string}"},"query-input":{"@type":"PropertyValueSpecification","valueRequired":true,"valueName":"search_term_string"}}],"inLanguage":"fr-FR"},{"@type":"Organization","@id":"https:\/\/itsw.edu.pl\/#organization","name":"International Trilingual School of Warsaw","alternateName":"International Trilingual School of Warsaw","url":"https:\/\/itsw.edu.pl\/","logo":{"@type":"ImageObject","inLanguage":"fr-FR","@id":"https:\/\/itsw.edu.pl\/#\/schema\/logo\/image\/","url":"https:\/\/itsw.edu.pl\/wp-content\/uploads\/itsw-logo.png","contentUrl":"https:\/\/itsw.edu.pl\/wp-content\/uploads\/itsw-logo.png","width":350,"height":103,"caption":"International Trilingual School of Warsaw"},"image":{"@id":"https:\/\/itsw.edu.pl\/#\/schema\/logo\/image\/"},"sameAs":["https:\/\/www.facebook.com\/ITSW.School.Escuela.Ecole.XueXiao.Gakko.Warsaw"]},{"@type":"Person","@id":"https:\/\/itsw.edu.pl\/#\/schema\/person\/4a89b345dd3285b6de291f440f753c8f","name":"M.K."}]}},"jetpack_featured_media_url":"","_links":{"self":[{"href":"https:\/\/itsw.edu.pl\/fr\/wp-json\/wp\/v2\/posts\/251365","targetHints":{"allow":["GET"]}}],"collection":[{"href":"https:\/\/itsw.edu.pl\/fr\/wp-json\/wp\/v2\/posts"}],"about":[{"href":"https:\/\/itsw.edu.pl\/fr\/wp-json\/wp\/v2\/types\/post"}],"author":[{"embeddable":true,"href":"https:\/\/itsw.edu.pl\/fr\/wp-json\/wp\/v2\/users\/3"}],"replies":[{"embeddable":true,"href":"https:\/\/itsw.edu.pl\/fr\/wp-json\/wp\/v2\/comments?post=251365"}],"version-history":[{"count":1,"href":"https:\/\/itsw.edu.pl\/fr\/wp-json\/wp\/v2\/posts\/251365\/revisions"}],"predecessor-version":[{"id":252246,"href":"https:\/\/itsw.edu.pl\/fr\/wp-json\/wp\/v2\/posts\/251365\/revisions\/252246"}],"wp:attachment":[{"href":"https:\/\/itsw.edu.pl\/fr\/wp-json\/wp\/v2\/media?parent=251365"}],"wp:term":[{"taxonomy":"category","embeddable":true,"href":"https:\/\/itsw.edu.pl\/fr\/wp-json\/wp\/v2\/categories?post=251365"},{"taxonomy":"post_tag","embeddable":true,"href":"https:\/\/itsw.edu.pl\/fr\/wp-json\/wp\/v2\/tags?post=251365"}],"curies":[{"name":"wp","href":"https:\/\/api.w.org\/{rel}","templated":true}]}}