{"id":246945,"date":"2025-10-20T15:27:10","date_gmt":"2025-10-20T13:27:10","guid":{"rendered":"https:\/\/itsw.edu.pl\/les-eleves-ditsw-se-preparent-pour-lexamen-annuel-de-velo\/"},"modified":"2026-04-14T08:23:25","modified_gmt":"2026-04-14T06:23:25","slug":"les-eleves-ditsw-se-preparent-pour-lexamen-annuel-de-velo","status":"publish","type":"post","link":"https:\/\/itsw.edu.pl\/fr\/les-eleves-ditsw-se-preparent-pour-lexamen-annuel-de-velo\/","title":{"rendered":"Les \u00e9l\u00e8ves d&rsquo;ITSW se pr\u00e9parent pour l&rsquo;examen annuel de v\u00e9lo"},"content":{"rendered":"<p><span style=\"font-weight: 400;\">Chaque ann\u00e9e, nos \u00e9l\u00e8ves participent \u00e0 l&rsquo;examen de v\u00e9lo d&rsquo;ITSW, une tradition enrichissante et p\u00e9dagogique qui leur enseigne les comp\u00e9tences essentielles en mati\u00e8re de s\u00e9curit\u00e9 routi\u00e8re. Cette exp\u00e9rience pratique permet \u00e0 nos jeunes apprenants de s&rsquo;exercer au code de la route, de gagner en confiance \u00e0 v\u00e9lo et de comprendre l&rsquo;importance d&rsquo;une pratique responsable. Bien plus qu&rsquo;un simple examen, c&rsquo;est une occasion de d\u00e9velopper leur autonomie, leur vigilance et leur respect des autres usagers de la route.<\/span><\/p>\n<p><span style=\"font-weight: 400;\">L&rsquo;examen de v\u00e9lo combine exercices pratiques, \u00e9preuve \u00e9crite et conseils d&rsquo;instructeurs exp\u00e9riment\u00e9s, garantissant ainsi \u00e0 chaque \u00e9l\u00e8ve l&rsquo;acquisition des connaissances et des comp\u00e9tences n\u00e9cessaires pour rouler en toute s\u00e9curit\u00e9. \u00c0 ITSW, nous croyons \u00e0 l&rsquo;apprentissage par la pratique, et cet \u00e9v\u00e9nement annuel renforce la s\u00e9curit\u00e9 et la responsabilit\u00e9 tout en rendant l&rsquo;apprentissage ludique et m\u00e9morable.<\/span><\/p>\n","protected":false},"excerpt":{"rendered":"<p>Chaque ann\u00e9e, nos \u00e9l\u00e8ves participent \u00e0 l&rsquo;examen de v\u00e9lo d&rsquo;ITSW, une tradition enrichissante et p\u00e9dagogique qui leur enseigne les comp\u00e9tences essentielles en mati\u00e8re de s\u00e9curit\u00e9 routi\u00e8re. Cette exp\u00e9rience pratique permet \u00e0 nos jeunes apprenants de s&rsquo;exercer au code de la route, de gagner en confiance \u00e0 v\u00e9lo et de comprendre l&rsquo;importance d&rsquo;une pratique responsable. Bien [&hellip;]<\/p>\n","protected":false},"author":8,"featured_media":0,"comment_status":"closed","ping_status":"closed","sticky":false,"template":"","format":"standard","meta":{"_acf_changed":false,"inline_featured_image":false,"footnotes":""},"categories":[138,130],"tags":[],"class_list":["post-246945","post","type-post","status-publish","format-standard","hentry","category-cm1-cm2-6e","category-nouvelles"],"acf":[],"yoast_head":"<!-- This site is optimized with the Yoast SEO plugin v27.5 - https:\/\/yoast.com\/product\/yoast-seo-wordpress\/ -->\n<title>Les \u00e9l\u00e8ves d&#039;ITSW se pr\u00e9parent pour l&#039;examen annuel de v\u00e9lo - ITSW<\/title>\n<meta name=\"robots\" content=\"index, follow, max-snippet:-1, max-image-preview:large, max-video-preview:-1\" \/>\n<link rel=\"canonical\" href=\"https:\/\/itsw.edu.pl\/fr\/les-eleves-ditsw-se-preparent-pour-lexamen-annuel-de-velo\/\" \/>\n<meta property=\"og:locale\" content=\"fr_FR\" \/>\n<meta property=\"og:type\" content=\"article\" \/>\n<meta property=\"og:title\" content=\"Les \u00e9l\u00e8ves d&#039;ITSW se pr\u00e9parent pour l&#039;examen annuel de v\u00e9lo - ITSW\" \/>\n<meta property=\"og:description\" content=\"Chaque ann\u00e9e, nos \u00e9l\u00e8ves participent \u00e0 l&rsquo;examen de v\u00e9lo d&rsquo;ITSW, une tradition enrichissante et p\u00e9dagogique qui leur enseigne les comp\u00e9tences essentielles en mati\u00e8re de s\u00e9curit\u00e9 routi\u00e8re. Cette exp\u00e9rience pratique permet \u00e0 nos jeunes apprenants de s&rsquo;exercer au code de la route, de gagner en confiance \u00e0 v\u00e9lo et de comprendre l&rsquo;importance d&rsquo;une pratique responsable. Bien [&hellip;]\" \/>\n<meta property=\"og:url\" content=\"https:\/\/itsw.edu.pl\/fr\/les-eleves-ditsw-se-preparent-pour-lexamen-annuel-de-velo\/\" \/>\n<meta property=\"og:site_name\" content=\"ITSW\" \/>\n<meta property=\"article:publisher\" content=\"https:\/\/www.facebook.com\/ITSW.School.Escuela.Ecole.XueXiao.Gakko.Warsaw\" \/>\n<meta property=\"article:published_time\" content=\"2025-10-20T13:27:10+00:00\" \/>\n<meta property=\"article:modified_time\" content=\"2026-04-14T06:23:25+00:00\" \/>\n<meta name=\"author\" content=\"D.W.\" \/>\n<meta name=\"twitter:card\" content=\"summary_large_image\" \/>\n<meta name=\"twitter:label1\" content=\"\u00c9crit par\" \/>\n\t<meta name=\"twitter:data1\" content=\"D.W.\" \/>\n\t<meta name=\"twitter:label2\" content=\"Dur\u00e9e de lecture estim\u00e9e\" \/>\n\t<meta name=\"twitter:data2\" content=\"1 minute\" \/>\n<script type=\"application\/ld+json\" class=\"yoast-schema-graph\">{\"@context\":\"https:\\\/\\\/schema.org\",\"@graph\":[{\"@type\":\"Article\",\"@id\":\"https:\\\/\\\/itsw.edu.pl\\\/fr\\\/les-eleves-ditsw-se-preparent-pour-lexamen-annuel-de-velo\\\/#article\",\"isPartOf\":{\"@id\":\"https:\\\/\\\/itsw.edu.pl\\\/fr\\\/les-eleves-ditsw-se-preparent-pour-lexamen-annuel-de-velo\\\/\"},\"author\":{\"name\":\"D.W.\",\"@id\":\"https:\\\/\\\/itsw.edu.pl\\\/#\\\/schema\\\/person\\\/307ce8221580e9c5963e8427fa97a744\"},\"headline\":\"Les \u00e9l\u00e8ves d&rsquo;ITSW se pr\u00e9parent pour l&rsquo;examen annuel de v\u00e9lo\",\"datePublished\":\"2025-10-20T13:27:10+00:00\",\"dateModified\":\"2026-04-14T06:23:25+00:00\",\"mainEntityOfPage\":{\"@id\":\"https:\\\/\\\/itsw.edu.pl\\\/fr\\\/les-eleves-ditsw-se-preparent-pour-lexamen-annuel-de-velo\\\/\"},\"wordCount\":174,\"publisher\":{\"@id\":\"https:\\\/\\\/itsw.edu.pl\\\/#organization\"},\"articleSection\":[\"CM1-CM2-6e\",\"nouvelles\"],\"inLanguage\":\"fr-FR\"},{\"@type\":\"WebPage\",\"@id\":\"https:\\\/\\\/itsw.edu.pl\\\/fr\\\/les-eleves-ditsw-se-preparent-pour-lexamen-annuel-de-velo\\\/\",\"url\":\"https:\\\/\\\/itsw.edu.pl\\\/fr\\\/les-eleves-ditsw-se-preparent-pour-lexamen-annuel-de-velo\\\/\",\"name\":\"Les \u00e9l\u00e8ves d'ITSW se pr\u00e9parent pour l'examen annuel de v\u00e9lo - ITSW\",\"isPartOf\":{\"@id\":\"https:\\\/\\\/itsw.edu.pl\\\/#website\"},\"datePublished\":\"2025-10-20T13:27:10+00:00\",\"dateModified\":\"2026-04-14T06:23:25+00:00\",\"breadcrumb\":{\"@id\":\"https:\\\/\\\/itsw.edu.pl\\\/fr\\\/les-eleves-ditsw-se-preparent-pour-lexamen-annuel-de-velo\\\/#breadcrumb\"},\"inLanguage\":\"fr-FR\",\"potentialAction\":[{\"@type\":\"ReadAction\",\"target\":[\"https:\\\/\\\/itsw.edu.pl\\\/fr\\\/les-eleves-ditsw-se-preparent-pour-lexamen-annuel-de-velo\\\/\"]}]},{\"@type\":\"BreadcrumbList\",\"@id\":\"https:\\\/\\\/itsw.edu.pl\\\/fr\\\/les-eleves-ditsw-se-preparent-pour-lexamen-annuel-de-velo\\\/#breadcrumb\",\"itemListElement\":[{\"@type\":\"ListItem\",\"position\":1,\"name\":\"ITSW\",\"item\":\"https:\\\/\\\/itsw.edu.pl\\\/fr\\\/\"},{\"@type\":\"ListItem\",\"position\":2,\"name\":\"Les \u00e9l\u00e8ves d&#8217;ITSW se pr\u00e9parent pour l&#8217;examen annuel de v\u00e9lo\"}]},{\"@type\":\"WebSite\",\"@id\":\"https:\\\/\\\/itsw.edu.pl\\\/#website\",\"url\":\"https:\\\/\\\/itsw.edu.pl\\\/\",\"name\":\"ITSW\",\"description\":\"\",\"publisher\":{\"@id\":\"https:\\\/\\\/itsw.edu.pl\\\/#organization\"},\"alternateName\":\"International Trilingual School of Warsaw\",\"potentialAction\":[{\"@type\":\"SearchAction\",\"target\":{\"@type\":\"EntryPoint\",\"urlTemplate\":\"https:\\\/\\\/itsw.edu.pl\\\/?s={search_term_string}\"},\"query-input\":{\"@type\":\"PropertyValueSpecification\",\"valueRequired\":true,\"valueName\":\"search_term_string\"}}],\"inLanguage\":\"fr-FR\"},{\"@type\":\"Organization\",\"@id\":\"https:\\\/\\\/itsw.edu.pl\\\/#organization\",\"name\":\"International Trilingual School of Warsaw\",\"alternateName\":\"International Trilingual School of Warsaw\",\"url\":\"https:\\\/\\\/itsw.edu.pl\\\/\",\"logo\":{\"@type\":\"ImageObject\",\"inLanguage\":\"fr-FR\",\"@id\":\"https:\\\/\\\/itsw.edu.pl\\\/#\\\/schema\\\/logo\\\/image\\\/\",\"url\":\"https:\\\/\\\/itsw.edu.pl\\\/wp-content\\\/uploads\\\/itsw-logo.png\",\"contentUrl\":\"https:\\\/\\\/itsw.edu.pl\\\/wp-content\\\/uploads\\\/itsw-logo.png\",\"width\":350,\"height\":103,\"caption\":\"International Trilingual School of Warsaw\"},\"image\":{\"@id\":\"https:\\\/\\\/itsw.edu.pl\\\/#\\\/schema\\\/logo\\\/image\\\/\"},\"sameAs\":[\"https:\\\/\\\/www.facebook.com\\\/ITSW.School.Escuela.Ecole.XueXiao.Gakko.Warsaw\"]},{\"@type\":\"Person\",\"@id\":\"https:\\\/\\\/itsw.edu.pl\\\/#\\\/schema\\\/person\\\/307ce8221580e9c5963e8427fa97a744\",\"name\":\"D.W.\"}]}<\/script>\n<!-- \/ Yoast SEO plugin. -->","yoast_head_json":{"title":"Les \u00e9l\u00e8ves d'ITSW se pr\u00e9parent pour l'examen annuel de v\u00e9lo - ITSW","robots":{"index":"index","follow":"follow","max-snippet":"max-snippet:-1","max-image-preview":"max-image-preview:large","max-video-preview":"max-video-preview:-1"},"canonical":"https:\/\/itsw.edu.pl\/fr\/les-eleves-ditsw-se-preparent-pour-lexamen-annuel-de-velo\/","og_locale":"fr_FR","og_type":"article","og_title":"Les \u00e9l\u00e8ves d'ITSW se pr\u00e9parent pour l'examen annuel de v\u00e9lo - ITSW","og_description":"Chaque ann\u00e9e, nos \u00e9l\u00e8ves participent \u00e0 l&rsquo;examen de v\u00e9lo d&rsquo;ITSW, une tradition enrichissante et p\u00e9dagogique qui leur enseigne les comp\u00e9tences essentielles en mati\u00e8re de s\u00e9curit\u00e9 routi\u00e8re. Cette exp\u00e9rience pratique permet \u00e0 nos jeunes apprenants de s&rsquo;exercer au code de la route, de gagner en confiance \u00e0 v\u00e9lo et de comprendre l&rsquo;importance d&rsquo;une pratique responsable. Bien [&hellip;]","og_url":"https:\/\/itsw.edu.pl\/fr\/les-eleves-ditsw-se-preparent-pour-lexamen-annuel-de-velo\/","og_site_name":"ITSW","article_publisher":"https:\/\/www.facebook.com\/ITSW.School.Escuela.Ecole.XueXiao.Gakko.Warsaw","article_published_time":"2025-10-20T13:27:10+00:00","article_modified_time":"2026-04-14T06:23:25+00:00","author":"D.W.","twitter_card":"summary_large_image","twitter_misc":{"\u00c9crit par":"D.W.","Dur\u00e9e de lecture estim\u00e9e":"1 minute"},"schema":{"@context":"https:\/\/schema.org","@graph":[{"@type":"Article","@id":"https:\/\/itsw.edu.pl\/fr\/les-eleves-ditsw-se-preparent-pour-lexamen-annuel-de-velo\/#article","isPartOf":{"@id":"https:\/\/itsw.edu.pl\/fr\/les-eleves-ditsw-se-preparent-pour-lexamen-annuel-de-velo\/"},"author":{"name":"D.W.","@id":"https:\/\/itsw.edu.pl\/#\/schema\/person\/307ce8221580e9c5963e8427fa97a744"},"headline":"Les \u00e9l\u00e8ves d&rsquo;ITSW se pr\u00e9parent pour l&rsquo;examen annuel de v\u00e9lo","datePublished":"2025-10-20T13:27:10+00:00","dateModified":"2026-04-14T06:23:25+00:00","mainEntityOfPage":{"@id":"https:\/\/itsw.edu.pl\/fr\/les-eleves-ditsw-se-preparent-pour-lexamen-annuel-de-velo\/"},"wordCount":174,"publisher":{"@id":"https:\/\/itsw.edu.pl\/#organization"},"articleSection":["CM1-CM2-6e","nouvelles"],"inLanguage":"fr-FR"},{"@type":"WebPage","@id":"https:\/\/itsw.edu.pl\/fr\/les-eleves-ditsw-se-preparent-pour-lexamen-annuel-de-velo\/","url":"https:\/\/itsw.edu.pl\/fr\/les-eleves-ditsw-se-preparent-pour-lexamen-annuel-de-velo\/","name":"Les \u00e9l\u00e8ves d'ITSW se pr\u00e9parent pour l'examen annuel de v\u00e9lo - ITSW","isPartOf":{"@id":"https:\/\/itsw.edu.pl\/#website"},"datePublished":"2025-10-20T13:27:10+00:00","dateModified":"2026-04-14T06:23:25+00:00","breadcrumb":{"@id":"https:\/\/itsw.edu.pl\/fr\/les-eleves-ditsw-se-preparent-pour-lexamen-annuel-de-velo\/#breadcrumb"},"inLanguage":"fr-FR","potentialAction":[{"@type":"ReadAction","target":["https:\/\/itsw.edu.pl\/fr\/les-eleves-ditsw-se-preparent-pour-lexamen-annuel-de-velo\/"]}]},{"@type":"BreadcrumbList","@id":"https:\/\/itsw.edu.pl\/fr\/les-eleves-ditsw-se-preparent-pour-lexamen-annuel-de-velo\/#breadcrumb","itemListElement":[{"@type":"ListItem","position":1,"name":"ITSW","item":"https:\/\/itsw.edu.pl\/fr\/"},{"@type":"ListItem","position":2,"name":"Les \u00e9l\u00e8ves d&#8217;ITSW se pr\u00e9parent pour l&#8217;examen annuel de v\u00e9lo"}]},{"@type":"WebSite","@id":"https:\/\/itsw.edu.pl\/#website","url":"https:\/\/itsw.edu.pl\/","name":"ITSW","description":"","publisher":{"@id":"https:\/\/itsw.edu.pl\/#organization"},"alternateName":"International Trilingual School of Warsaw","potentialAction":[{"@type":"SearchAction","target":{"@type":"EntryPoint","urlTemplate":"https:\/\/itsw.edu.pl\/?s={search_term_string}"},"query-input":{"@type":"PropertyValueSpecification","valueRequired":true,"valueName":"search_term_string"}}],"inLanguage":"fr-FR"},{"@type":"Organization","@id":"https:\/\/itsw.edu.pl\/#organization","name":"International Trilingual School of Warsaw","alternateName":"International Trilingual School of Warsaw","url":"https:\/\/itsw.edu.pl\/","logo":{"@type":"ImageObject","inLanguage":"fr-FR","@id":"https:\/\/itsw.edu.pl\/#\/schema\/logo\/image\/","url":"https:\/\/itsw.edu.pl\/wp-content\/uploads\/itsw-logo.png","contentUrl":"https:\/\/itsw.edu.pl\/wp-content\/uploads\/itsw-logo.png","width":350,"height":103,"caption":"International Trilingual School of Warsaw"},"image":{"@id":"https:\/\/itsw.edu.pl\/#\/schema\/logo\/image\/"},"sameAs":["https:\/\/www.facebook.com\/ITSW.School.Escuela.Ecole.XueXiao.Gakko.Warsaw"]},{"@type":"Person","@id":"https:\/\/itsw.edu.pl\/#\/schema\/person\/307ce8221580e9c5963e8427fa97a744","name":"D.W."}]}},"jetpack_featured_media_url":"","_links":{"self":[{"href":"https:\/\/itsw.edu.pl\/fr\/wp-json\/wp\/v2\/posts\/246945","targetHints":{"allow":["GET"]}}],"collection":[{"href":"https:\/\/itsw.edu.pl\/fr\/wp-json\/wp\/v2\/posts"}],"about":[{"href":"https:\/\/itsw.edu.pl\/fr\/wp-json\/wp\/v2\/types\/post"}],"author":[{"embeddable":true,"href":"https:\/\/itsw.edu.pl\/fr\/wp-json\/wp\/v2\/users\/8"}],"replies":[{"embeddable":true,"href":"https:\/\/itsw.edu.pl\/fr\/wp-json\/wp\/v2\/comments?post=246945"}],"version-history":[{"count":1,"href":"https:\/\/itsw.edu.pl\/fr\/wp-json\/wp\/v2\/posts\/246945\/revisions"}],"predecessor-version":[{"id":252236,"href":"https:\/\/itsw.edu.pl\/fr\/wp-json\/wp\/v2\/posts\/246945\/revisions\/252236"}],"wp:attachment":[{"href":"https:\/\/itsw.edu.pl\/fr\/wp-json\/wp\/v2\/media?parent=246945"}],"wp:term":[{"taxonomy":"category","embeddable":true,"href":"https:\/\/itsw.edu.pl\/fr\/wp-json\/wp\/v2\/categories?post=246945"},{"taxonomy":"post_tag","embeddable":true,"href":"https:\/\/itsw.edu.pl\/fr\/wp-json\/wp\/v2\/tags?post=246945"}],"curies":[{"name":"wp","href":"https:\/\/api.w.org\/{rel}","templated":true}]}}