{"id":246874,"date":"2025-03-07T15:43:05","date_gmt":"2025-03-07T14:43:05","guid":{"rendered":"https:\/\/itsw.edu.pl\/grandir-ensemble-nos-enfants-de-1-an-franchissent-une-etape-importante\/"},"modified":"2026-04-14T08:19:33","modified_gmt":"2026-04-14T06:19:33","slug":"grandir-ensemble-nos-enfants-de-1-an-franchissent-une-etape-importante","status":"publish","type":"post","link":"https:\/\/itsw.edu.pl\/fr\/grandir-ensemble-nos-enfants-de-1-an-franchissent-une-etape-importante\/","title":{"rendered":"Grandir ensemble : Nos enfants de 1 an franchissent une \u00e9tape importante !"},"content":{"rendered":"<p><span style=\"font-weight: 400;\">Notre groupe d&rsquo;enfants de 1 an se soude de plus en plus ! Cette petite classe sp\u00e9ciale de seulement 10 petits apprenants, immerg\u00e9s en anglais, en polonais et en espagnol, sera r\u00e9unie \u00e0 la fin de l&rsquo;ann\u00e9e scolaire \u2013 une \u00e9tape vraiment passionnante dans leur parcours d&rsquo;\u00e9veil. Les voir tisser des liens, explorer et grandir ensemble est une joie pour les enseignants comme pour les parents.<\/span><\/p>\n<p><span style=\"font-weight: 400;\">\u00c0 l&rsquo;ITSW, nous savons que chaque enfant est unique. C&rsquo;est pourquoi nous adaptons nos m\u00e9thodes d&rsquo;enseignement au cas par cas, en veillant au bien-\u00eatre, au confort et \u00e0 la confiance de chaque petit apprenant. Cette approche attentive et personnalis\u00e9e permet \u00e0 nos plus jeunes \u00e9l\u00e8ves de se sentir en s\u00e9curit\u00e9 et pr\u00eats \u00e0 s&rsquo;\u00e9panouir dans leur environnement multilingue. Ensemble, ils n&rsquo;apprennent pas seulement des langues \u2013 ils apprennent aussi \u00e0 faire confiance, \u00e0 collaborer et \u00e0 c\u00e9l\u00e9brer chaque petite r\u00e9ussite, jetant ainsi les bases d&rsquo;un avenir prometteur et confiant.<\/span><\/p>\n","protected":false},"excerpt":{"rendered":"<p>Notre groupe d&rsquo;enfants de 1 an se soude de plus en plus ! Cette petite classe sp\u00e9ciale de seulement 10 petits apprenants, immerg\u00e9s en anglais, en polonais et en espagnol, sera r\u00e9unie \u00e0 la fin de l&rsquo;ann\u00e9e scolaire \u2013 une \u00e9tape vraiment passionnante dans leur parcours d&rsquo;\u00e9veil. Les voir tisser des liens, explorer et grandir [&hellip;]<\/p>\n","protected":false},"author":8,"featured_media":0,"comment_status":"closed","ping_status":"closed","sticky":false,"template":"","format":"standard","meta":{"_acf_changed":false,"inline_featured_image":false,"footnotes":""},"categories":[152,130],"tags":[],"class_list":["post-246874","post","type-post","status-publish","format-standard","hentry","category-creche","category-nouvelles"],"acf":[],"yoast_head":"<!-- This site is optimized with the Yoast SEO plugin v27.5 - https:\/\/yoast.com\/product\/yoast-seo-wordpress\/ -->\n<title>Grandir ensemble : Nos enfants de 1 an franchissent une \u00e9tape importante ! - ITSW<\/title>\n<meta name=\"robots\" content=\"index, follow, max-snippet:-1, max-image-preview:large, max-video-preview:-1\" \/>\n<link rel=\"canonical\" href=\"https:\/\/itsw.edu.pl\/fr\/grandir-ensemble-nos-enfants-de-1-an-franchissent-une-etape-importante\/\" \/>\n<meta property=\"og:locale\" content=\"fr_FR\" \/>\n<meta property=\"og:type\" content=\"article\" \/>\n<meta property=\"og:title\" content=\"Grandir ensemble : Nos enfants de 1 an franchissent une \u00e9tape importante ! - ITSW\" \/>\n<meta property=\"og:description\" content=\"Notre groupe d&rsquo;enfants de 1 an se soude de plus en plus ! Cette petite classe sp\u00e9ciale de seulement 10 petits apprenants, immerg\u00e9s en anglais, en polonais et en espagnol, sera r\u00e9unie \u00e0 la fin de l&rsquo;ann\u00e9e scolaire \u2013 une \u00e9tape vraiment passionnante dans leur parcours d&rsquo;\u00e9veil. Les voir tisser des liens, explorer et grandir [&hellip;]\" \/>\n<meta property=\"og:url\" content=\"https:\/\/itsw.edu.pl\/fr\/grandir-ensemble-nos-enfants-de-1-an-franchissent-une-etape-importante\/\" \/>\n<meta property=\"og:site_name\" content=\"ITSW\" \/>\n<meta property=\"article:publisher\" content=\"https:\/\/www.facebook.com\/ITSW.School.Escuela.Ecole.XueXiao.Gakko.Warsaw\" \/>\n<meta property=\"article:published_time\" content=\"2025-03-07T14:43:05+00:00\" \/>\n<meta property=\"article:modified_time\" content=\"2026-04-14T06:19:33+00:00\" \/>\n<meta name=\"author\" content=\"D.W.\" \/>\n<meta name=\"twitter:card\" content=\"summary_large_image\" \/>\n<meta name=\"twitter:label1\" content=\"\u00c9crit par\" \/>\n\t<meta name=\"twitter:data1\" content=\"D.W.\" \/>\n\t<meta name=\"twitter:label2\" content=\"Dur\u00e9e de lecture estim\u00e9e\" \/>\n\t<meta name=\"twitter:data2\" content=\"1 minute\" \/>\n<script type=\"application\/ld+json\" class=\"yoast-schema-graph\">{\"@context\":\"https:\\\/\\\/schema.org\",\"@graph\":[{\"@type\":\"Article\",\"@id\":\"https:\\\/\\\/itsw.edu.pl\\\/fr\\\/grandir-ensemble-nos-enfants-de-1-an-franchissent-une-etape-importante\\\/#article\",\"isPartOf\":{\"@id\":\"https:\\\/\\\/itsw.edu.pl\\\/fr\\\/grandir-ensemble-nos-enfants-de-1-an-franchissent-une-etape-importante\\\/\"},\"author\":{\"name\":\"D.W.\",\"@id\":\"https:\\\/\\\/itsw.edu.pl\\\/#\\\/schema\\\/person\\\/307ce8221580e9c5963e8427fa97a744\"},\"headline\":\"Grandir ensemble : Nos enfants de 1 an franchissent une \u00e9tape importante !\",\"datePublished\":\"2025-03-07T14:43:05+00:00\",\"dateModified\":\"2026-04-14T06:19:33+00:00\",\"mainEntityOfPage\":{\"@id\":\"https:\\\/\\\/itsw.edu.pl\\\/fr\\\/grandir-ensemble-nos-enfants-de-1-an-franchissent-une-etape-importante\\\/\"},\"wordCount\":174,\"publisher\":{\"@id\":\"https:\\\/\\\/itsw.edu.pl\\\/#organization\"},\"articleSection\":[\"Cr\u00e8che\",\"nouvelles\"],\"inLanguage\":\"fr-FR\"},{\"@type\":\"WebPage\",\"@id\":\"https:\\\/\\\/itsw.edu.pl\\\/fr\\\/grandir-ensemble-nos-enfants-de-1-an-franchissent-une-etape-importante\\\/\",\"url\":\"https:\\\/\\\/itsw.edu.pl\\\/fr\\\/grandir-ensemble-nos-enfants-de-1-an-franchissent-une-etape-importante\\\/\",\"name\":\"Grandir ensemble : Nos enfants de 1 an franchissent une \u00e9tape importante ! - ITSW\",\"isPartOf\":{\"@id\":\"https:\\\/\\\/itsw.edu.pl\\\/#website\"},\"datePublished\":\"2025-03-07T14:43:05+00:00\",\"dateModified\":\"2026-04-14T06:19:33+00:00\",\"breadcrumb\":{\"@id\":\"https:\\\/\\\/itsw.edu.pl\\\/fr\\\/grandir-ensemble-nos-enfants-de-1-an-franchissent-une-etape-importante\\\/#breadcrumb\"},\"inLanguage\":\"fr-FR\",\"potentialAction\":[{\"@type\":\"ReadAction\",\"target\":[\"https:\\\/\\\/itsw.edu.pl\\\/fr\\\/grandir-ensemble-nos-enfants-de-1-an-franchissent-une-etape-importante\\\/\"]}]},{\"@type\":\"BreadcrumbList\",\"@id\":\"https:\\\/\\\/itsw.edu.pl\\\/fr\\\/grandir-ensemble-nos-enfants-de-1-an-franchissent-une-etape-importante\\\/#breadcrumb\",\"itemListElement\":[{\"@type\":\"ListItem\",\"position\":1,\"name\":\"ITSW\",\"item\":\"https:\\\/\\\/itsw.edu.pl\\\/fr\\\/\"},{\"@type\":\"ListItem\",\"position\":2,\"name\":\"Grandir ensemble : Nos enfants de 1 an franchissent une \u00e9tape importante !\"}]},{\"@type\":\"WebSite\",\"@id\":\"https:\\\/\\\/itsw.edu.pl\\\/#website\",\"url\":\"https:\\\/\\\/itsw.edu.pl\\\/\",\"name\":\"ITSW\",\"description\":\"\",\"publisher\":{\"@id\":\"https:\\\/\\\/itsw.edu.pl\\\/#organization\"},\"alternateName\":\"International Trilingual School of Warsaw\",\"potentialAction\":[{\"@type\":\"SearchAction\",\"target\":{\"@type\":\"EntryPoint\",\"urlTemplate\":\"https:\\\/\\\/itsw.edu.pl\\\/?s={search_term_string}\"},\"query-input\":{\"@type\":\"PropertyValueSpecification\",\"valueRequired\":true,\"valueName\":\"search_term_string\"}}],\"inLanguage\":\"fr-FR\"},{\"@type\":\"Organization\",\"@id\":\"https:\\\/\\\/itsw.edu.pl\\\/#organization\",\"name\":\"International Trilingual School of Warsaw\",\"alternateName\":\"International Trilingual School of Warsaw\",\"url\":\"https:\\\/\\\/itsw.edu.pl\\\/\",\"logo\":{\"@type\":\"ImageObject\",\"inLanguage\":\"fr-FR\",\"@id\":\"https:\\\/\\\/itsw.edu.pl\\\/#\\\/schema\\\/logo\\\/image\\\/\",\"url\":\"https:\\\/\\\/itsw.edu.pl\\\/wp-content\\\/uploads\\\/itsw-logo.png\",\"contentUrl\":\"https:\\\/\\\/itsw.edu.pl\\\/wp-content\\\/uploads\\\/itsw-logo.png\",\"width\":350,\"height\":103,\"caption\":\"International Trilingual School of Warsaw\"},\"image\":{\"@id\":\"https:\\\/\\\/itsw.edu.pl\\\/#\\\/schema\\\/logo\\\/image\\\/\"},\"sameAs\":[\"https:\\\/\\\/www.facebook.com\\\/ITSW.School.Escuela.Ecole.XueXiao.Gakko.Warsaw\"]},{\"@type\":\"Person\",\"@id\":\"https:\\\/\\\/itsw.edu.pl\\\/#\\\/schema\\\/person\\\/307ce8221580e9c5963e8427fa97a744\",\"name\":\"D.W.\"}]}<\/script>\n<!-- \/ Yoast SEO plugin. -->","yoast_head_json":{"title":"Grandir ensemble : Nos enfants de 1 an franchissent une \u00e9tape importante ! - ITSW","robots":{"index":"index","follow":"follow","max-snippet":"max-snippet:-1","max-image-preview":"max-image-preview:large","max-video-preview":"max-video-preview:-1"},"canonical":"https:\/\/itsw.edu.pl\/fr\/grandir-ensemble-nos-enfants-de-1-an-franchissent-une-etape-importante\/","og_locale":"fr_FR","og_type":"article","og_title":"Grandir ensemble : Nos enfants de 1 an franchissent une \u00e9tape importante ! - ITSW","og_description":"Notre groupe d&rsquo;enfants de 1 an se soude de plus en plus ! Cette petite classe sp\u00e9ciale de seulement 10 petits apprenants, immerg\u00e9s en anglais, en polonais et en espagnol, sera r\u00e9unie \u00e0 la fin de l&rsquo;ann\u00e9e scolaire \u2013 une \u00e9tape vraiment passionnante dans leur parcours d&rsquo;\u00e9veil. Les voir tisser des liens, explorer et grandir [&hellip;]","og_url":"https:\/\/itsw.edu.pl\/fr\/grandir-ensemble-nos-enfants-de-1-an-franchissent-une-etape-importante\/","og_site_name":"ITSW","article_publisher":"https:\/\/www.facebook.com\/ITSW.School.Escuela.Ecole.XueXiao.Gakko.Warsaw","article_published_time":"2025-03-07T14:43:05+00:00","article_modified_time":"2026-04-14T06:19:33+00:00","author":"D.W.","twitter_card":"summary_large_image","twitter_misc":{"\u00c9crit par":"D.W.","Dur\u00e9e de lecture estim\u00e9e":"1 minute"},"schema":{"@context":"https:\/\/schema.org","@graph":[{"@type":"Article","@id":"https:\/\/itsw.edu.pl\/fr\/grandir-ensemble-nos-enfants-de-1-an-franchissent-une-etape-importante\/#article","isPartOf":{"@id":"https:\/\/itsw.edu.pl\/fr\/grandir-ensemble-nos-enfants-de-1-an-franchissent-une-etape-importante\/"},"author":{"name":"D.W.","@id":"https:\/\/itsw.edu.pl\/#\/schema\/person\/307ce8221580e9c5963e8427fa97a744"},"headline":"Grandir ensemble : Nos enfants de 1 an franchissent une \u00e9tape importante !","datePublished":"2025-03-07T14:43:05+00:00","dateModified":"2026-04-14T06:19:33+00:00","mainEntityOfPage":{"@id":"https:\/\/itsw.edu.pl\/fr\/grandir-ensemble-nos-enfants-de-1-an-franchissent-une-etape-importante\/"},"wordCount":174,"publisher":{"@id":"https:\/\/itsw.edu.pl\/#organization"},"articleSection":["Cr\u00e8che","nouvelles"],"inLanguage":"fr-FR"},{"@type":"WebPage","@id":"https:\/\/itsw.edu.pl\/fr\/grandir-ensemble-nos-enfants-de-1-an-franchissent-une-etape-importante\/","url":"https:\/\/itsw.edu.pl\/fr\/grandir-ensemble-nos-enfants-de-1-an-franchissent-une-etape-importante\/","name":"Grandir ensemble : Nos enfants de 1 an franchissent une \u00e9tape importante ! - ITSW","isPartOf":{"@id":"https:\/\/itsw.edu.pl\/#website"},"datePublished":"2025-03-07T14:43:05+00:00","dateModified":"2026-04-14T06:19:33+00:00","breadcrumb":{"@id":"https:\/\/itsw.edu.pl\/fr\/grandir-ensemble-nos-enfants-de-1-an-franchissent-une-etape-importante\/#breadcrumb"},"inLanguage":"fr-FR","potentialAction":[{"@type":"ReadAction","target":["https:\/\/itsw.edu.pl\/fr\/grandir-ensemble-nos-enfants-de-1-an-franchissent-une-etape-importante\/"]}]},{"@type":"BreadcrumbList","@id":"https:\/\/itsw.edu.pl\/fr\/grandir-ensemble-nos-enfants-de-1-an-franchissent-une-etape-importante\/#breadcrumb","itemListElement":[{"@type":"ListItem","position":1,"name":"ITSW","item":"https:\/\/itsw.edu.pl\/fr\/"},{"@type":"ListItem","position":2,"name":"Grandir ensemble : Nos enfants de 1 an franchissent une \u00e9tape importante !"}]},{"@type":"WebSite","@id":"https:\/\/itsw.edu.pl\/#website","url":"https:\/\/itsw.edu.pl\/","name":"ITSW","description":"","publisher":{"@id":"https:\/\/itsw.edu.pl\/#organization"},"alternateName":"International Trilingual School of Warsaw","potentialAction":[{"@type":"SearchAction","target":{"@type":"EntryPoint","urlTemplate":"https:\/\/itsw.edu.pl\/?s={search_term_string}"},"query-input":{"@type":"PropertyValueSpecification","valueRequired":true,"valueName":"search_term_string"}}],"inLanguage":"fr-FR"},{"@type":"Organization","@id":"https:\/\/itsw.edu.pl\/#organization","name":"International Trilingual School of Warsaw","alternateName":"International Trilingual School of Warsaw","url":"https:\/\/itsw.edu.pl\/","logo":{"@type":"ImageObject","inLanguage":"fr-FR","@id":"https:\/\/itsw.edu.pl\/#\/schema\/logo\/image\/","url":"https:\/\/itsw.edu.pl\/wp-content\/uploads\/itsw-logo.png","contentUrl":"https:\/\/itsw.edu.pl\/wp-content\/uploads\/itsw-logo.png","width":350,"height":103,"caption":"International Trilingual School of Warsaw"},"image":{"@id":"https:\/\/itsw.edu.pl\/#\/schema\/logo\/image\/"},"sameAs":["https:\/\/www.facebook.com\/ITSW.School.Escuela.Ecole.XueXiao.Gakko.Warsaw"]},{"@type":"Person","@id":"https:\/\/itsw.edu.pl\/#\/schema\/person\/307ce8221580e9c5963e8427fa97a744","name":"D.W."}]}},"jetpack_featured_media_url":"","_links":{"self":[{"href":"https:\/\/itsw.edu.pl\/fr\/wp-json\/wp\/v2\/posts\/246874","targetHints":{"allow":["GET"]}}],"collection":[{"href":"https:\/\/itsw.edu.pl\/fr\/wp-json\/wp\/v2\/posts"}],"about":[{"href":"https:\/\/itsw.edu.pl\/fr\/wp-json\/wp\/v2\/types\/post"}],"author":[{"embeddable":true,"href":"https:\/\/itsw.edu.pl\/fr\/wp-json\/wp\/v2\/users\/8"}],"replies":[{"embeddable":true,"href":"https:\/\/itsw.edu.pl\/fr\/wp-json\/wp\/v2\/comments?post=246874"}],"version-history":[{"count":1,"href":"https:\/\/itsw.edu.pl\/fr\/wp-json\/wp\/v2\/posts\/246874\/revisions"}],"predecessor-version":[{"id":252228,"href":"https:\/\/itsw.edu.pl\/fr\/wp-json\/wp\/v2\/posts\/246874\/revisions\/252228"}],"wp:attachment":[{"href":"https:\/\/itsw.edu.pl\/fr\/wp-json\/wp\/v2\/media?parent=246874"}],"wp:term":[{"taxonomy":"category","embeddable":true,"href":"https:\/\/itsw.edu.pl\/fr\/wp-json\/wp\/v2\/categories?post=246874"},{"taxonomy":"post_tag","embeddable":true,"href":"https:\/\/itsw.edu.pl\/fr\/wp-json\/wp\/v2\/tags?post=246874"}],"curies":[{"name":"wp","href":"https:\/\/api.w.org\/{rel}","templated":true}]}}