{"id":242604,"date":"2024-09-26T08:09:15","date_gmt":"2024-09-26T06:09:15","guid":{"rendered":"https:\/\/itsw.edu.pl\/la-adaptacion-a-la-guarderia-y-las-emociones-del-nino\/"},"modified":"2026-01-07T21:49:43","modified_gmt":"2026-01-07T20:49:43","slug":"la-adaptacion-a-la-guarderia-y-las-emociones-del-nino","status":"publish","type":"post","link":"https:\/\/itsw.edu.pl\/es\/la-adaptacion-a-la-guarderia-y-las-emociones-del-nino\/","title":{"rendered":"La Adaptaci\u00f3n a la Guarder\u00eda y las Emociones del Ni\u00f1o"},"content":{"rendered":"<p>Los primeros d\u00edas de ir a la guarder\u00eda representan un gran cambio para el ni\u00f1o. Esta situaci\u00f3n a menudo provoca emociones intensas, tanto positivas como negativas, por lo que todo el proceso de adaptaci\u00f3n puede ser un desaf\u00edo tanto para el ni\u00f1o como para sus padres.<\/p>\n<p>&nbsp;<\/p>\n<p>Lo que es crucial en este proceso es preparar al ni\u00f1o para la guarder\u00eda.<\/p>\n<p>\u00bfPor qu\u00e9 no deber\u00edas esperar hasta el d\u00eda en que el ni\u00f1o se quede por primera vez en la guarder\u00eda bajo el cuidado de los maestros? \u00bfC\u00f3mo puedes preparar y apoyar adecuadamente al ni\u00f1o para que supere este dif\u00edcil periodo de adaptaci\u00f3n? \u00bfCu\u00e1nto tiempo puede durar la adaptaci\u00f3n? \u00a1Desc\u00fabrelo!<\/p>\n<h2>\u00a0\u00bfC\u00f3mo Preparar al Ni\u00f1o para la Adaptaci\u00f3n?<\/h2>\n<p><strong>Es importante introducir gradualmente al ni\u00f1o a las nuevas realidades.<\/strong>\u00a0Una buena idea es visitar la guarder\u00eda antes de que el ni\u00f1o se quede all\u00ed por per\u00edodos m\u00e1s largos. De esta manera, el ni\u00f1o podr\u00e1 familiarizarse con el entorno, los cuidadores y otros ni\u00f1os. Esto minimiza el estr\u00e9s asociado con el cambio repentino.<\/p>\n<p><strong>Las conversaciones con el ni\u00f1o sobre la guarder\u00eda tambi\u00e9n juegan un papel importante.<\/strong>\u00a0Es recomendable explicar, de manera sencilla, lo que suceder\u00e1 all\u00ed: describir las actividades diarias, los juegos y c\u00f3mo pueden comportarse otros ni\u00f1os. El ni\u00f1o sabr\u00e1 qu\u00e9 esperar y se sentir\u00e1 m\u00e1s seguro. Unas semanas antes de comenzar la guarder\u00eda, es \u00fatil establecer en casa una rutina similar a la de la guarder\u00eda, incluyendo comidas regulares, siestas y tiempo de juego.<\/p>\n<h2>\u00bfCu\u00e1nto Tiempo Tarda un Ni\u00f1o en Adaptarse a la Guarder\u00eda?<\/h2>\n<p><strong>El tiempo de adaptaci\u00f3n puede variar dependiendo de factores como el temperamento del ni\u00f1o y sus experiencias previas.<\/strong>\u00a0Para algunos ni\u00f1os, la adaptaci\u00f3n puede durar solo unos d\u00edas, mientras que otros pueden necesitar varias semanas para acostumbrarse a estar lejos de mam\u00e1 o pap\u00e1. En promedio, el periodo de adaptaci\u00f3n dura de 2 a 4 semanas. Durante este proceso, el ni\u00f1o puede experimentar diversas emociones, que van desde el entusiasmo hasta la incertidumbre, tristeza o incluso enojo. Es fundamental dar al ni\u00f1o tiempo y no esperar que se adapte de inmediato.<\/p>\n<h2>\u00a0\u00bfC\u00f3mo Debe Ser una Adaptaci\u00f3n Eficaz en los Primeros D\u00edas de Guarder\u00eda?<\/h2>\n<p><strong>Los primeros d\u00edas en la guarder\u00eda deben comenzar introduciendo gradualmente al ni\u00f1o en la rutina diaria.<\/strong>\u00a0Inicialmente, el ni\u00f1o debe quedarse solo unas pocas horas, no todo el d\u00eda. De esta manera, se ir\u00e1 acostumbrando poco a poco al nuevo entorno sin sentirse abrumado por los est\u00edmulos.<\/p>\n<p>Tambi\u00e9n es importante que los padres y el personal de la guarder\u00eda trabajen juntos, discutiendo las necesidades del ni\u00f1o y respondiendo a sus emociones.<\/p>\n<h2>\u00a0\u00bfC\u00f3mo Facilitar los Primeros D\u00edas en la Guarder\u00eda?<\/h2>\n<p>Permite que el ni\u00f1o lleve un juguete o manta favoritos, algo que le brinde una sensaci\u00f3n de seguridad y le recuerde el hogar. Los objetos familiares pueden ser reconfortantes durante momentos de estr\u00e9s o incertidumbre. Tambi\u00e9n es importante que las despedidas con los padres sean cortas y tranquilas. Las despedidas prolongadas solo aumentan la ansiedad del ni\u00f1o. Establecer un ritual matutino, como desayunar juntos o despedirse con una canci\u00f3n o rima, tambi\u00e9n puede reducir el estr\u00e9s y proporcionar una sensaci\u00f3n de estabilidad y previsibilidad. Los padres tambi\u00e9n deben mantener la calma y una actitud positiva, ya que los ni\u00f1os perciben las emociones de sus cuidadores.<\/p>\n<h2>\u00bfQu\u00e9 Hacer Si Tu Hijo Tiene Dificultades para Adaptarse a la Guarder\u00eda?<\/h2>\n<p>Si tu hijo tiene m\u00e1s dificultades que otros ni\u00f1os para adaptarse a la guarder\u00eda, no lo obligues a quedarse en la instituci\u00f3n. Considera extender el periodo de adaptaci\u00f3n y dale m\u00e1s tiempo para familiarizarse con el nuevo entorno. Debes ser paciente y emp\u00e1tico.<\/p>\n<p>Tambi\u00e9n es una buena idea hablar con los cuidadores de la guarder\u00eda para ver c\u00f3mo est\u00e1 afrontando el ni\u00f1o la separaci\u00f3n y preguntar si hay formas adicionales de apoyarlo. La comunicaci\u00f3n abierta y un enfoque cooperativo hacia las emociones del ni\u00f1o pueden facilitar mucho el proceso de adaptaci\u00f3n.<\/p>\n<p><strong>Recuerda que la adaptaci\u00f3n a la guarder\u00eda es un momento importante en la vida del ni\u00f1o.<\/strong>\u00a0Necesitan tiempo y apoyo para aprender a funcionar en este nuevo entorno.<\/p>\n","protected":false},"excerpt":{"rendered":"<p>Los primeros d\u00edas de ir a la guarder\u00eda representan un gran cambio para el ni\u00f1o. Esta situaci\u00f3n a menudo provoca emociones intensas, tanto positivas como negativas, por lo que todo el proceso de adaptaci\u00f3n puede ser un desaf\u00edo tanto para el ni\u00f1o como para sus padres. &nbsp; Lo que es crucial en este proceso es [&hellip;]<\/p>\n","protected":false},"author":3,"featured_media":242365,"comment_status":"closed","ping_status":"closed","sticky":false,"template":"","format":"standard","meta":{"_acf_changed":false,"inline_featured_image":false,"footnotes":""},"categories":[104,190],"tags":[],"class_list":["post-242604","post","type-post","status-publish","format-standard","has-post-thumbnail","hentry","category-edublog","category-escuela-infantil-2-ciclo"],"acf":[],"yoast_head":"<!-- This site is optimized with the Yoast SEO plugin v27.5 - https:\/\/yoast.com\/product\/yoast-seo-wordpress\/ -->\n<title>La Adaptaci\u00f3n a la Guarder\u00eda y las Emociones del Ni\u00f1o - ITSW<\/title>\n<meta name=\"description\" content=\"Jak odpowiednio przygotowa\u0107 i wspiera\u0107 dziecko, aby u\u0142atwi\u0107 mu przej\u015bcie przez trudny okres adaptacji? Sprawd\u017a!\" \/>\n<meta name=\"robots\" content=\"index, follow, max-snippet:-1, max-image-preview:large, max-video-preview:-1\" \/>\n<link rel=\"canonical\" href=\"https:\/\/itsw.edu.pl\/es\/la-adaptacion-a-la-guarderia-y-las-emociones-del-nino\/\" \/>\n<meta property=\"og:locale\" content=\"es_ES\" \/>\n<meta property=\"og:type\" content=\"article\" \/>\n<meta property=\"og:title\" content=\"La Adaptaci\u00f3n a la Guarder\u00eda y las Emociones del Ni\u00f1o - ITSW\" \/>\n<meta property=\"og:description\" content=\"Jak odpowiednio przygotowa\u0107 i wspiera\u0107 dziecko, aby u\u0142atwi\u0107 mu przej\u015bcie przez trudny okres adaptacji? Sprawd\u017a!\" \/>\n<meta property=\"og:url\" content=\"https:\/\/itsw.edu.pl\/es\/la-adaptacion-a-la-guarderia-y-las-emociones-del-nino\/\" \/>\n<meta property=\"og:site_name\" content=\"ITSW\" \/>\n<meta property=\"article:publisher\" content=\"https:\/\/www.facebook.com\/ITSW.School.Escuela.Ecole.XueXiao.Gakko.Warsaw\" \/>\n<meta property=\"article:published_time\" content=\"2024-09-26T06:09:15+00:00\" \/>\n<meta property=\"article:modified_time\" content=\"2026-01-07T20:49:43+00:00\" \/>\n<meta property=\"og:image\" content=\"https:\/\/itsw.edu.pl\/wp-content\/uploads\/nursery-2114173-1280-1-1.jpg\" \/>\n\t<meta property=\"og:image:width\" content=\"1280\" \/>\n\t<meta property=\"og:image:height\" content=\"853\" \/>\n\t<meta property=\"og:image:type\" content=\"image\/jpeg\" \/>\n<meta name=\"author\" content=\"M.K.\" \/>\n<meta name=\"twitter:card\" content=\"summary_large_image\" \/>\n<meta name=\"twitter:label1\" content=\"Escrito por\" \/>\n\t<meta name=\"twitter:data1\" content=\"M.K.\" \/>\n\t<meta name=\"twitter:label2\" content=\"Tiempo de lectura\" \/>\n\t<meta name=\"twitter:data2\" content=\"4 minutos\" \/>\n<script type=\"application\/ld+json\" class=\"yoast-schema-graph\">{\"@context\":\"https:\\\/\\\/schema.org\",\"@graph\":[{\"@type\":\"Article\",\"@id\":\"https:\\\/\\\/itsw.edu.pl\\\/es\\\/la-adaptacion-a-la-guarderia-y-las-emociones-del-nino\\\/#article\",\"isPartOf\":{\"@id\":\"https:\\\/\\\/itsw.edu.pl\\\/es\\\/la-adaptacion-a-la-guarderia-y-las-emociones-del-nino\\\/\"},\"author\":{\"name\":\"M.K.\",\"@id\":\"https:\\\/\\\/itsw.edu.pl\\\/#\\\/schema\\\/person\\\/4a89b345dd3285b6de291f440f753c8f\"},\"headline\":\"La Adaptaci\u00f3n a la Guarder\u00eda y las Emociones del Ni\u00f1o\",\"datePublished\":\"2024-09-26T06:09:15+00:00\",\"dateModified\":\"2026-01-07T20:49:43+00:00\",\"mainEntityOfPage\":{\"@id\":\"https:\\\/\\\/itsw.edu.pl\\\/es\\\/la-adaptacion-a-la-guarderia-y-las-emociones-del-nino\\\/\"},\"wordCount\":779,\"publisher\":{\"@id\":\"https:\\\/\\\/itsw.edu.pl\\\/#organization\"},\"image\":{\"@id\":\"https:\\\/\\\/itsw.edu.pl\\\/es\\\/la-adaptacion-a-la-guarderia-y-las-emociones-del-nino\\\/#primaryimage\"},\"thumbnailUrl\":\"https:\\\/\\\/itsw.edu.pl\\\/wp-content\\\/uploads\\\/nursery-2114173-1280-1-1.jpg\",\"articleSection\":[\"Edublog\",\"Escuela infantil 2 ciclo\"],\"inLanguage\":\"es\"},{\"@type\":\"WebPage\",\"@id\":\"https:\\\/\\\/itsw.edu.pl\\\/es\\\/la-adaptacion-a-la-guarderia-y-las-emociones-del-nino\\\/\",\"url\":\"https:\\\/\\\/itsw.edu.pl\\\/es\\\/la-adaptacion-a-la-guarderia-y-las-emociones-del-nino\\\/\",\"name\":\"La Adaptaci\u00f3n a la Guarder\u00eda y las Emociones del Ni\u00f1o - ITSW\",\"isPartOf\":{\"@id\":\"https:\\\/\\\/itsw.edu.pl\\\/#website\"},\"primaryImageOfPage\":{\"@id\":\"https:\\\/\\\/itsw.edu.pl\\\/es\\\/la-adaptacion-a-la-guarderia-y-las-emociones-del-nino\\\/#primaryimage\"},\"image\":{\"@id\":\"https:\\\/\\\/itsw.edu.pl\\\/es\\\/la-adaptacion-a-la-guarderia-y-las-emociones-del-nino\\\/#primaryimage\"},\"thumbnailUrl\":\"https:\\\/\\\/itsw.edu.pl\\\/wp-content\\\/uploads\\\/nursery-2114173-1280-1-1.jpg\",\"datePublished\":\"2024-09-26T06:09:15+00:00\",\"dateModified\":\"2026-01-07T20:49:43+00:00\",\"description\":\"Jak odpowiednio przygotowa\u0107 i wspiera\u0107 dziecko, aby u\u0142atwi\u0107 mu przej\u015bcie przez trudny okres adaptacji? Sprawd\u017a!\",\"breadcrumb\":{\"@id\":\"https:\\\/\\\/itsw.edu.pl\\\/es\\\/la-adaptacion-a-la-guarderia-y-las-emociones-del-nino\\\/#breadcrumb\"},\"inLanguage\":\"es\",\"potentialAction\":[{\"@type\":\"ReadAction\",\"target\":[\"https:\\\/\\\/itsw.edu.pl\\\/es\\\/la-adaptacion-a-la-guarderia-y-las-emociones-del-nino\\\/\"]}]},{\"@type\":\"ImageObject\",\"inLanguage\":\"es\",\"@id\":\"https:\\\/\\\/itsw.edu.pl\\\/es\\\/la-adaptacion-a-la-guarderia-y-las-emociones-del-nino\\\/#primaryimage\",\"url\":\"https:\\\/\\\/itsw.edu.pl\\\/wp-content\\\/uploads\\\/nursery-2114173-1280-1-1.jpg\",\"contentUrl\":\"https:\\\/\\\/itsw.edu.pl\\\/wp-content\\\/uploads\\\/nursery-2114173-1280-1-1.jpg\",\"width\":1280,\"height\":853},{\"@type\":\"BreadcrumbList\",\"@id\":\"https:\\\/\\\/itsw.edu.pl\\\/es\\\/la-adaptacion-a-la-guarderia-y-las-emociones-del-nino\\\/#breadcrumb\",\"itemListElement\":[{\"@type\":\"ListItem\",\"position\":1,\"name\":\"ITSW\",\"item\":\"https:\\\/\\\/itsw.edu.pl\\\/es\\\/\"},{\"@type\":\"ListItem\",\"position\":2,\"name\":\"La Adaptaci\u00f3n a la Guarder\u00eda y las Emociones del Ni\u00f1o\"}]},{\"@type\":\"WebSite\",\"@id\":\"https:\\\/\\\/itsw.edu.pl\\\/#website\",\"url\":\"https:\\\/\\\/itsw.edu.pl\\\/\",\"name\":\"ITSW\",\"description\":\"\",\"publisher\":{\"@id\":\"https:\\\/\\\/itsw.edu.pl\\\/#organization\"},\"alternateName\":\"International Trilingual School of Warsaw\",\"potentialAction\":[{\"@type\":\"SearchAction\",\"target\":{\"@type\":\"EntryPoint\",\"urlTemplate\":\"https:\\\/\\\/itsw.edu.pl\\\/?s={search_term_string}\"},\"query-input\":{\"@type\":\"PropertyValueSpecification\",\"valueRequired\":true,\"valueName\":\"search_term_string\"}}],\"inLanguage\":\"es\"},{\"@type\":\"Organization\",\"@id\":\"https:\\\/\\\/itsw.edu.pl\\\/#organization\",\"name\":\"International Trilingual School of Warsaw\",\"alternateName\":\"International Trilingual School of Warsaw\",\"url\":\"https:\\\/\\\/itsw.edu.pl\\\/\",\"logo\":{\"@type\":\"ImageObject\",\"inLanguage\":\"es\",\"@id\":\"https:\\\/\\\/itsw.edu.pl\\\/#\\\/schema\\\/logo\\\/image\\\/\",\"url\":\"https:\\\/\\\/itsw.edu.pl\\\/wp-content\\\/uploads\\\/itsw-logo.png\",\"contentUrl\":\"https:\\\/\\\/itsw.edu.pl\\\/wp-content\\\/uploads\\\/itsw-logo.png\",\"width\":350,\"height\":103,\"caption\":\"International Trilingual School of Warsaw\"},\"image\":{\"@id\":\"https:\\\/\\\/itsw.edu.pl\\\/#\\\/schema\\\/logo\\\/image\\\/\"},\"sameAs\":[\"https:\\\/\\\/www.facebook.com\\\/ITSW.School.Escuela.Ecole.XueXiao.Gakko.Warsaw\"]},{\"@type\":\"Person\",\"@id\":\"https:\\\/\\\/itsw.edu.pl\\\/#\\\/schema\\\/person\\\/4a89b345dd3285b6de291f440f753c8f\",\"name\":\"M.K.\"}]}<\/script>\n<!-- \/ Yoast SEO plugin. -->","yoast_head_json":{"title":"La Adaptaci\u00f3n a la Guarder\u00eda y las Emociones del Ni\u00f1o - ITSW","description":"Jak odpowiednio przygotowa\u0107 i wspiera\u0107 dziecko, aby u\u0142atwi\u0107 mu przej\u015bcie przez trudny okres adaptacji? Sprawd\u017a!","robots":{"index":"index","follow":"follow","max-snippet":"max-snippet:-1","max-image-preview":"max-image-preview:large","max-video-preview":"max-video-preview:-1"},"canonical":"https:\/\/itsw.edu.pl\/es\/la-adaptacion-a-la-guarderia-y-las-emociones-del-nino\/","og_locale":"es_ES","og_type":"article","og_title":"La Adaptaci\u00f3n a la Guarder\u00eda y las Emociones del Ni\u00f1o - ITSW","og_description":"Jak odpowiednio przygotowa\u0107 i wspiera\u0107 dziecko, aby u\u0142atwi\u0107 mu przej\u015bcie przez trudny okres adaptacji? Sprawd\u017a!","og_url":"https:\/\/itsw.edu.pl\/es\/la-adaptacion-a-la-guarderia-y-las-emociones-del-nino\/","og_site_name":"ITSW","article_publisher":"https:\/\/www.facebook.com\/ITSW.School.Escuela.Ecole.XueXiao.Gakko.Warsaw","article_published_time":"2024-09-26T06:09:15+00:00","article_modified_time":"2026-01-07T20:49:43+00:00","og_image":[{"width":1280,"height":853,"url":"https:\/\/itsw.edu.pl\/wp-content\/uploads\/nursery-2114173-1280-1-1.jpg","type":"image\/jpeg"}],"author":"M.K.","twitter_card":"summary_large_image","twitter_misc":{"Escrito por":"M.K.","Tiempo de lectura":"4 minutos"},"schema":{"@context":"https:\/\/schema.org","@graph":[{"@type":"Article","@id":"https:\/\/itsw.edu.pl\/es\/la-adaptacion-a-la-guarderia-y-las-emociones-del-nino\/#article","isPartOf":{"@id":"https:\/\/itsw.edu.pl\/es\/la-adaptacion-a-la-guarderia-y-las-emociones-del-nino\/"},"author":{"name":"M.K.","@id":"https:\/\/itsw.edu.pl\/#\/schema\/person\/4a89b345dd3285b6de291f440f753c8f"},"headline":"La Adaptaci\u00f3n a la Guarder\u00eda y las Emociones del Ni\u00f1o","datePublished":"2024-09-26T06:09:15+00:00","dateModified":"2026-01-07T20:49:43+00:00","mainEntityOfPage":{"@id":"https:\/\/itsw.edu.pl\/es\/la-adaptacion-a-la-guarderia-y-las-emociones-del-nino\/"},"wordCount":779,"publisher":{"@id":"https:\/\/itsw.edu.pl\/#organization"},"image":{"@id":"https:\/\/itsw.edu.pl\/es\/la-adaptacion-a-la-guarderia-y-las-emociones-del-nino\/#primaryimage"},"thumbnailUrl":"https:\/\/itsw.edu.pl\/wp-content\/uploads\/nursery-2114173-1280-1-1.jpg","articleSection":["Edublog","Escuela infantil 2 ciclo"],"inLanguage":"es"},{"@type":"WebPage","@id":"https:\/\/itsw.edu.pl\/es\/la-adaptacion-a-la-guarderia-y-las-emociones-del-nino\/","url":"https:\/\/itsw.edu.pl\/es\/la-adaptacion-a-la-guarderia-y-las-emociones-del-nino\/","name":"La Adaptaci\u00f3n a la Guarder\u00eda y las Emociones del Ni\u00f1o - ITSW","isPartOf":{"@id":"https:\/\/itsw.edu.pl\/#website"},"primaryImageOfPage":{"@id":"https:\/\/itsw.edu.pl\/es\/la-adaptacion-a-la-guarderia-y-las-emociones-del-nino\/#primaryimage"},"image":{"@id":"https:\/\/itsw.edu.pl\/es\/la-adaptacion-a-la-guarderia-y-las-emociones-del-nino\/#primaryimage"},"thumbnailUrl":"https:\/\/itsw.edu.pl\/wp-content\/uploads\/nursery-2114173-1280-1-1.jpg","datePublished":"2024-09-26T06:09:15+00:00","dateModified":"2026-01-07T20:49:43+00:00","description":"Jak odpowiednio przygotowa\u0107 i wspiera\u0107 dziecko, aby u\u0142atwi\u0107 mu przej\u015bcie przez trudny okres adaptacji? Sprawd\u017a!","breadcrumb":{"@id":"https:\/\/itsw.edu.pl\/es\/la-adaptacion-a-la-guarderia-y-las-emociones-del-nino\/#breadcrumb"},"inLanguage":"es","potentialAction":[{"@type":"ReadAction","target":["https:\/\/itsw.edu.pl\/es\/la-adaptacion-a-la-guarderia-y-las-emociones-del-nino\/"]}]},{"@type":"ImageObject","inLanguage":"es","@id":"https:\/\/itsw.edu.pl\/es\/la-adaptacion-a-la-guarderia-y-las-emociones-del-nino\/#primaryimage","url":"https:\/\/itsw.edu.pl\/wp-content\/uploads\/nursery-2114173-1280-1-1.jpg","contentUrl":"https:\/\/itsw.edu.pl\/wp-content\/uploads\/nursery-2114173-1280-1-1.jpg","width":1280,"height":853},{"@type":"BreadcrumbList","@id":"https:\/\/itsw.edu.pl\/es\/la-adaptacion-a-la-guarderia-y-las-emociones-del-nino\/#breadcrumb","itemListElement":[{"@type":"ListItem","position":1,"name":"ITSW","item":"https:\/\/itsw.edu.pl\/es\/"},{"@type":"ListItem","position":2,"name":"La Adaptaci\u00f3n a la Guarder\u00eda y las Emociones del Ni\u00f1o"}]},{"@type":"WebSite","@id":"https:\/\/itsw.edu.pl\/#website","url":"https:\/\/itsw.edu.pl\/","name":"ITSW","description":"","publisher":{"@id":"https:\/\/itsw.edu.pl\/#organization"},"alternateName":"International Trilingual School of Warsaw","potentialAction":[{"@type":"SearchAction","target":{"@type":"EntryPoint","urlTemplate":"https:\/\/itsw.edu.pl\/?s={search_term_string}"},"query-input":{"@type":"PropertyValueSpecification","valueRequired":true,"valueName":"search_term_string"}}],"inLanguage":"es"},{"@type":"Organization","@id":"https:\/\/itsw.edu.pl\/#organization","name":"International Trilingual School of Warsaw","alternateName":"International Trilingual School of Warsaw","url":"https:\/\/itsw.edu.pl\/","logo":{"@type":"ImageObject","inLanguage":"es","@id":"https:\/\/itsw.edu.pl\/#\/schema\/logo\/image\/","url":"https:\/\/itsw.edu.pl\/wp-content\/uploads\/itsw-logo.png","contentUrl":"https:\/\/itsw.edu.pl\/wp-content\/uploads\/itsw-logo.png","width":350,"height":103,"caption":"International Trilingual School of Warsaw"},"image":{"@id":"https:\/\/itsw.edu.pl\/#\/schema\/logo\/image\/"},"sameAs":["https:\/\/www.facebook.com\/ITSW.School.Escuela.Ecole.XueXiao.Gakko.Warsaw"]},{"@type":"Person","@id":"https:\/\/itsw.edu.pl\/#\/schema\/person\/4a89b345dd3285b6de291f440f753c8f","name":"M.K."}]}},"jetpack_featured_media_url":"https:\/\/itsw.edu.pl\/wp-content\/uploads\/nursery-2114173-1280-1-1.jpg","_links":{"self":[{"href":"https:\/\/itsw.edu.pl\/es\/wp-json\/wp\/v2\/posts\/242604","targetHints":{"allow":["GET"]}}],"collection":[{"href":"https:\/\/itsw.edu.pl\/es\/wp-json\/wp\/v2\/posts"}],"about":[{"href":"https:\/\/itsw.edu.pl\/es\/wp-json\/wp\/v2\/types\/post"}],"author":[{"embeddable":true,"href":"https:\/\/itsw.edu.pl\/es\/wp-json\/wp\/v2\/users\/3"}],"replies":[{"embeddable":true,"href":"https:\/\/itsw.edu.pl\/es\/wp-json\/wp\/v2\/comments?post=242604"}],"version-history":[{"count":1,"href":"https:\/\/itsw.edu.pl\/es\/wp-json\/wp\/v2\/posts\/242604\/revisions"}],"predecessor-version":[{"id":242605,"href":"https:\/\/itsw.edu.pl\/es\/wp-json\/wp\/v2\/posts\/242604\/revisions\/242605"}],"wp:featuredmedia":[{"embeddable":true,"href":"https:\/\/itsw.edu.pl\/es\/wp-json\/wp\/v2\/media\/242365"}],"wp:attachment":[{"href":"https:\/\/itsw.edu.pl\/es\/wp-json\/wp\/v2\/media?parent=242604"}],"wp:term":[{"taxonomy":"category","embeddable":true,"href":"https:\/\/itsw.edu.pl\/es\/wp-json\/wp\/v2\/categories?post=242604"},{"taxonomy":"post_tag","embeddable":true,"href":"https:\/\/itsw.edu.pl\/es\/wp-json\/wp\/v2\/tags?post=242604"}],"curies":[{"name":"wp","href":"https:\/\/api.w.org\/{rel}","templated":true}]}}